{"id":29567,"date":"2023-09-13T19:00:23","date_gmt":"2023-09-13T23:00:23","guid":{"rendered":"http:\/\/www.yungayino.cl\/noticias\/?p=29567"},"modified":"2023-09-13T20:51:35","modified_gmt":"2023-09-14T00:51:35","slug":"escuela-especial-de-lenguaje-y-escuela-basica-pinares-de-campanario-realizo-gala-folclorica-2023","status":"publish","type":"post","link":"https:\/\/www.yungayino.cl\/noticias\/?p=29567","title":{"rendered":"Escuela Especial De Lenguaje Y Escuela B\u00e1sica Pinares De Campanario Realiz\u00f3 \u201cGala Folcl\u00f3rica 2023\u201d"},"content":{"rendered":"<p><img loading=\"lazy\" decoding=\"async\" class=\"alignnone wp-image-29568 size-full\" src=\"http:\/\/www.yungayino.cl\/noticias\/wp-content\/uploads\/2023\/09\/portada-11.jpg\" alt=\"\" width=\"700\" height=\"350\" srcset=\"https:\/\/www.yungayino.cl\/noticias\/wp-content\/uploads\/2023\/09\/portada-11.jpg 700w, https:\/\/www.yungayino.cl\/noticias\/wp-content\/uploads\/2023\/09\/portada-11-300x150.jpg 300w\" sizes=\"auto, (max-width: 700px) 100vw, 700px\" \/><\/p>\n<p style=\"text-align: justify;\">Campanario, septiembre 2023: La Escuela Especial de Lenguaje y Escuela B\u00e1sica Pinares de Campanario, realiz\u00f3 con motivos de las Fiestas Patrias 2023, una Gran Gala Folcl\u00f3rica, la cual se llev\u00f3 a cabo en las dependencias del Estadio El Morro de Campanario.<\/p>\n<p style=\"text-align: justify;\">El evento estuvo encabezada por su Director, Sr. Gustavo Fa\u00fandez y cont\u00f3 con la asistencia de Autoridades Locales, Profesores, Alumnos (as), Padres y Apoderados.<\/p>\n<p style=\"text-align: justify;\">Con un escenario montado para la ocasi\u00f3n los alumnos (as) realizaron variadas presentaciones art\u00edsticas y bailes tradicionales, tambi\u00e9n se destac\u00f3 la participaci\u00f3n de las t\u00edas y apoderados, quienes acompa\u00f1aron y apoyaron en todo momento a los ni\u00f1os(as) para que todo saliera hermoso.<\/p>\n<p style=\"text-align: justify;\">Finalmente terminado el acto los presentes compartieron en los diferentes stands instalados para la ocasi\u00f3n donde degustaron de ricas empanadas, sopaipillas, anticuchos, chilenitos, choripanes, mote con huesillos, dulces etc.<\/p>\n<p>&nbsp;<\/p>\n<p style=\"text-align: center;\">FOTOGRAF\u00cdAS:<\/p>\n<p style=\"text-align: center;\"><iframe loading=\"lazy\" style=\"border: none; overflow: hidden;\" src=\"https:\/\/www.facebook.com\/plugins\/post.php?href=https%3A%2F%2Fwww.facebook.com%2Fyungayino.cl%2Fposts%2Fpfbid0YBrAPs3WqgdSkwGRt9m4knhS78ErnMcDvkfwFksUCQZB7VRipDT21eTNtE4dYDk8l&amp;show_text=true&amp;width=500\" width=\"500\" height=\"828\" frameborder=\"0\" scrolling=\"no\" allowfullscreen=\"allowfullscreen\"><\/iframe><\/p>\n","protected":false},"excerpt":{"rendered":"<p>Campanario, septiembre 2023: La Escuela Especial de Lenguaje y Escuela B\u00e1sica Pinares de Campanario, realiz\u00f3 con motivos de las Fiestas Patrias 2023, una Gran Gala Folcl\u00f3rica, la cual se llev\u00f3 a cabo en las&#46;&#46;&#46;<\/p>\n","protected":false},"author":2,"featured_media":29568,"comment_status":"closed","ping_status":"closed","sticky":false,"template":"","format":"standard","meta":{"footnotes":""},"categories":[1],"tags":[31,2078,528,593,1115,8,6,117],"class_list":["post-29567","post","type-post","status-publish","format-standard","has-post-thumbnail","hentry","category-noticias","tag-campanario","tag-escuela-pinares","tag-fiestas-patrias","tag-gala-folclorica","tag-noticias","tag-yungay","tag-yungayino","tag-yungayinocl"],"_links":{"self":[{"href":"https:\/\/www.yungayino.cl\/noticias\/index.php?rest_route=\/wp\/v2\/posts\/29567","targetHints":{"allow":["GET"]}}],"collection":[{"href":"https:\/\/www.yungayino.cl\/noticias\/index.php?rest_route=\/wp\/v2\/posts"}],"about":[{"href":"https:\/\/www.yungayino.cl\/noticias\/index.php?rest_route=\/wp\/v2\/types\/post"}],"author":[{"embeddable":true,"href":"https:\/\/www.yungayino.cl\/noticias\/index.php?rest_route=\/wp\/v2\/users\/2"}],"replies":[{"embeddable":true,"href":"https:\/\/www.yungayino.cl\/noticias\/index.php?rest_route=%2Fwp%2Fv2%2Fcomments&post=29567"}],"version-history":[{"count":4,"href":"https:\/\/www.yungayino.cl\/noticias\/index.php?rest_route=\/wp\/v2\/posts\/29567\/revisions"}],"predecessor-version":[{"id":29572,"href":"https:\/\/www.yungayino.cl\/noticias\/index.php?rest_route=\/wp\/v2\/posts\/29567\/revisions\/29572"}],"wp:featuredmedia":[{"embeddable":true,"href":"https:\/\/www.yungayino.cl\/noticias\/index.php?rest_route=\/wp\/v2\/media\/29568"}],"wp:attachment":[{"href":"https:\/\/www.yungayino.cl\/noticias\/index.php?rest_route=%2Fwp%2Fv2%2Fmedia&parent=29567"}],"wp:term":[{"taxonomy":"category","embeddable":true,"href":"https:\/\/www.yungayino.cl\/noticias\/index.php?rest_route=%2Fwp%2Fv2%2Fcategories&post=29567"},{"taxonomy":"post_tag","embeddable":true,"href":"https:\/\/www.yungayino.cl\/noticias\/index.php?rest_route=%2Fwp%2Fv2%2Ftags&post=29567"}],"curies":[{"name":"wp","href":"https:\/\/api.w.org\/{rel}","templated":true}]}}