{"id":29573,"date":"2023-09-13T22:00:41","date_gmt":"2023-09-14T02:00:41","guid":{"rendered":"http:\/\/www.yungayino.cl\/noticias\/?p=29573"},"modified":"2023-09-13T22:59:48","modified_gmt":"2023-09-14T02:59:48","slug":"campeonato-provincial-de-cueca-escolar-se-realizo-en-yungay","status":"publish","type":"post","link":"https:\/\/www.yungayino.cl\/noticias\/?p=29573","title":{"rendered":"Campeonato Provincial De Cueca Escolar Se Realiz\u00f3 En Yungay"},"content":{"rendered":"<p><img loading=\"lazy\" decoding=\"async\" class=\"alignnone wp-image-29574 size-full\" src=\"http:\/\/www.yungayino.cl\/noticias\/wp-content\/uploads\/2023\/09\/portada-12.jpg\" alt=\"\" width=\"700\" height=\"350\" srcset=\"https:\/\/www.yungayino.cl\/noticias\/wp-content\/uploads\/2023\/09\/portada-12.jpg 700w, https:\/\/www.yungayino.cl\/noticias\/wp-content\/uploads\/2023\/09\/portada-12-300x150.jpg 300w\" sizes=\"auto, (max-width: 700px) 100vw, 700px\" \/><\/p>\n<p style=\"text-align: justify;\">Yungay, septiembre 2023: En las dependencias del Gimnasio Multiuso se llev\u00f3 a cabo el Campeonato Provincial de Cueca Escolar, donde participaron las comunas de Bulnes, Chill\u00e1n, Chill\u00e1n Viejo, El Carmen, Pemuco, Pinto, Quill\u00f3n, San Ignacio y Yungay.<\/p>\n<p style=\"text-align: justify;\">Esta gran fiesta del baile nacional cont\u00f3 con la presencia del alcalde Rafael Cifuentes, los concejales Patricia Moncada, Gonzalo Rojas, Berta Cid, Julio N\u00fa\u00f1ez y Ricardo Ramos, el Coordinador Regional Extraescolar Ram\u00f3n Rivas, adem\u00e1s de autoridades educacionales locales como de las diferentes comunas participantes, delegaciones de estudiantes, profesores y p\u00fablico en general, quienes apoyaron con gritos y aplausos a todas las parejas, que divididas en tres categor\u00edas luchaban para clasificar a la siguiente fase regional que se realizar\u00e1 en la comuna de Coelemu el pr\u00f3ximo 28 de septiembre.<\/p>\n<p style=\"text-align: justify;\">El evento estuvo acompa\u00f1ado de la m\u00fasica tradicional chilena a cargo de \u201cBrotes del Campo\u201d y \u201cMaihuen de Los \u00c1ngeles\u201d, por su parte el jurado que tuvo la dif\u00edcil misi\u00f3n de elegir a las parejas clasificadas de cada categor\u00eda para la fase regional estuvo compuesto por Jonatan Fuentealba, Camila Ram\u00edrez y Cristian Hern\u00e1ndez.<\/p>\n<p style=\"text-align: justify;\"><strong>Comunas Clasificadas a la Fase Regional son:<\/strong><\/p>\n<p style=\"text-align: justify;\">Ense\u00f1anza B\u00e1sica: Yungay, Chill\u00e1n Viejo, Pemuco, Chill\u00e1n y San Ignacio.<\/p>\n<p style=\"text-align: justify;\">Cueca Lugare\u00f1a: Yungay, Bulnes, Chill\u00e1n Viejo, Quill\u00f3n y San Ignacio.<\/p>\n<p style=\"text-align: justify;\">Ense\u00f1anza Media: Yungay, Chill\u00e1n, El Carmen, Quill\u00f3n y Bulnes.<\/p>\n<p style=\"text-align: justify;\">Finalmente destacar que Yungay est\u00e1 clasificada en todas las categor\u00edas, como anfitriona del certamen y nuestros representantes ser\u00e1n los siguientes:<\/p>\n<p style=\"text-align: justify;\">En la categor\u00eda de Ense\u00f1anza B\u00e1sica: Aylin Alegr\u00eda S\u00e1ez y Agust\u00edn Jara Vilches, del Liceo de Campanario.<\/p>\n<p style=\"text-align: justify;\">En la categor\u00eda Ense\u00f1anza Media: Francisca Torres Poblete y Diego Fuentealba Guti\u00e9rrez, del Colegio Divina Pastora.<\/p>\n<p style=\"text-align: justify;\">En la categor\u00eda de Cueca Lugare\u00f1a: Sof\u00eda Villalobos Fern\u00e1ndez e Ignacio Meneses Lara, de la Escuela Pinares de Campanario.<\/p>\n<p>&nbsp;<\/p>\n<p style=\"text-align: center;\">FOTOGRAF\u00cdAS:<\/p>\n<p style=\"text-align: center;\"><iframe loading=\"lazy\" style=\"border: none; overflow: hidden;\" src=\"https:\/\/www.facebook.com\/plugins\/post.php?href=https%3A%2F%2Fwww.facebook.com%2Fyungayino.cl%2Fposts%2Fpfbid02pVVpdYPrAA31pJLLJTrd4qNwUwLe6PmhQUqKTqoYLdbn58edJkqGeH2Cgpd6uYwel&amp;show_text=true&amp;width=500\" width=\"500\" height=\"828\" frameborder=\"0\" scrolling=\"no\" allowfullscreen=\"allowfullscreen\"><\/iframe><\/p>\n","protected":false},"excerpt":{"rendered":"<p>Yungay, septiembre 2023: En las dependencias del Gimnasio Multiuso se llev\u00f3 a cabo el Campeonato Provincial de Cueca Escolar, donde participaron las comunas de Bulnes, Chill\u00e1n, Chill\u00e1n Viejo, El Carmen, Pemuco, Pinto, Quill\u00f3n, San&#46;&#46;&#46;<\/p>\n","protected":false},"author":2,"featured_media":29574,"comment_status":"closed","ping_status":"closed","sticky":false,"template":"","format":"standard","meta":{"footnotes":""},"categories":[5,1],"tags":[67,1115,2940,8,6,117],"class_list":["post-29573","post","type-post","status-publish","format-standard","has-post-thumbnail","hentry","category-eventos","category-noticias","tag-cueca","tag-noticias","tag-provincial-de-cueca-escolar","tag-yungay","tag-yungayino","tag-yungayinocl"],"_links":{"self":[{"href":"https:\/\/www.yungayino.cl\/noticias\/index.php?rest_route=\/wp\/v2\/posts\/29573","targetHints":{"allow":["GET"]}}],"collection":[{"href":"https:\/\/www.yungayino.cl\/noticias\/index.php?rest_route=\/wp\/v2\/posts"}],"about":[{"href":"https:\/\/www.yungayino.cl\/noticias\/index.php?rest_route=\/wp\/v2\/types\/post"}],"author":[{"embeddable":true,"href":"https:\/\/www.yungayino.cl\/noticias\/index.php?rest_route=\/wp\/v2\/users\/2"}],"replies":[{"embeddable":true,"href":"https:\/\/www.yungayino.cl\/noticias\/index.php?rest_route=%2Fwp%2Fv2%2Fcomments&post=29573"}],"version-history":[{"count":4,"href":"https:\/\/www.yungayino.cl\/noticias\/index.php?rest_route=\/wp\/v2\/posts\/29573\/revisions"}],"predecessor-version":[{"id":29577,"href":"https:\/\/www.yungayino.cl\/noticias\/index.php?rest_route=\/wp\/v2\/posts\/29573\/revisions\/29577"}],"wp:featuredmedia":[{"embeddable":true,"href":"https:\/\/www.yungayino.cl\/noticias\/index.php?rest_route=\/wp\/v2\/media\/29574"}],"wp:attachment":[{"href":"https:\/\/www.yungayino.cl\/noticias\/index.php?rest_route=%2Fwp%2Fv2%2Fmedia&parent=29573"}],"wp:term":[{"taxonomy":"category","embeddable":true,"href":"https:\/\/www.yungayino.cl\/noticias\/index.php?rest_route=%2Fwp%2Fv2%2Fcategories&post=29573"},{"taxonomy":"post_tag","embeddable":true,"href":"https:\/\/www.yungayino.cl\/noticias\/index.php?rest_route=%2Fwp%2Fv2%2Ftags&post=29573"}],"curies":[{"name":"wp","href":"https:\/\/api.w.org\/{rel}","templated":true}]}}