{"id":29591,"date":"2023-09-15T22:00:49","date_gmt":"2023-09-16T02:00:49","guid":{"rendered":"http:\/\/www.yungayino.cl\/noticias\/?p=29591"},"modified":"2023-09-15T22:50:50","modified_gmt":"2023-09-16T02:50:50","slug":"autoridades-inauguran-oficialmente-ramadas-fiestas-patrias-2023-en-yungay","status":"publish","type":"post","link":"https:\/\/www.yungayino.cl\/noticias\/?p=29591","title":{"rendered":"Autoridades Inauguran Oficialmente Ramadas Fiestas Patrias 2023 En Yungay"},"content":{"rendered":"<p><img loading=\"lazy\" decoding=\"async\" class=\"alignnone wp-image-29592 size-full\" src=\"http:\/\/www.yungayino.cl\/noticias\/wp-content\/uploads\/2023\/09\/portada-15.jpg\" alt=\"\" width=\"700\" height=\"390\" srcset=\"https:\/\/www.yungayino.cl\/noticias\/wp-content\/uploads\/2023\/09\/portada-15.jpg 700w, https:\/\/www.yungayino.cl\/noticias\/wp-content\/uploads\/2023\/09\/portada-15-300x167.jpg 300w\" sizes=\"auto, (max-width: 700px) 100vw, 700px\" \/><\/p>\n<p style=\"text-align: justify;\">Yungay, septiembre 2023: Autoridades inauguran oficialmente las ramadas de Fiestas Patrias 2023 en Yungay, este viernes a partir de las 16:00 horas en el Sector Rural de Ranchillo Bajo, para luego trasladarse al Sector La Caba\u00f1a continuando en Campanario y finalizando en Yungay, donde realizaron el tradicional corte de cinta.<\/p>\n<p style=\"text-align: justify;\">La comitiva liderada por el Alcalde Sr. Rafael Cifuentes Rodr\u00edguez y miembros del Honorable Concejo comunal, Funcionarios Municipales acompa\u00f1ado por la Agrupaci\u00f3n Folcl\u00f3rica Cantares de Yungay, quienes deleitaron a los presentes con su variado repertorio de cuecas, y donde se pudo apreciar los primeros pies de cuecas por parte de la autoridad comunal.<\/p>\n<p style=\"text-align: justify;\">Finalmente destacar que ha cada fondero, puestos de chichas y cociner\u00edas, se les hizo entrega de un galvano en agradecimiento por mantener esta tradici\u00f3n, adem\u00e1s el Edil les deseo que les fuera muy bien y tambi\u00e9n hizo un llamado a toda la comunidad a compartir en unidad y disfrutar de estas Fiestas Patrias 2023.<\/p>\n<p>&nbsp;<\/p>\n<p style=\"text-align: center;\">FOTOGRAF\u00cdAS:<\/p>\n<p style=\"text-align: center;\"><iframe loading=\"lazy\" style=\"border: none; overflow: hidden;\" src=\"https:\/\/www.facebook.com\/plugins\/post.php?href=https%3A%2F%2Fwww.facebook.com%2Fyungayino.cl%2Fposts%2Fpfbid0qF5J9LMPXi7m633zfwY1tcczL368Tk1fFdSCT1gtrQCm9AWwnrWBnTtK1mwF4pdfl&amp;show_text=true&amp;width=500\" width=\"500\" height=\"862\" frameborder=\"0\" scrolling=\"no\" allowfullscreen=\"allowfullscreen\"><\/iframe><\/p>\n","protected":false},"excerpt":{"rendered":"<p>Yungay, septiembre 2023: Autoridades inauguran oficialmente las ramadas de Fiestas Patrias 2023 en Yungay, este viernes a partir de las 16:00 horas en el Sector Rural de Ranchillo Bajo, para luego trasladarse al Sector&#46;&#46;&#46;<\/p>\n","protected":false},"author":2,"featured_media":29592,"comment_status":"closed","ping_status":"closed","sticky":false,"template":"","format":"standard","meta":{"footnotes":""},"categories":[1],"tags":[31,528,1817,1418,1115,251,78,8,6,117],"class_list":["post-29591","post","type-post","status-publish","format-standard","has-post-thumbnail","hentry","category-noticias","tag-campanario","tag-fiestas-patrias","tag-inauguracion","tag-la-cabana","tag-noticias","tag-ramadas","tag-ranchillo-bajo","tag-yungay","tag-yungayino","tag-yungayinocl"],"_links":{"self":[{"href":"https:\/\/www.yungayino.cl\/noticias\/index.php?rest_route=\/wp\/v2\/posts\/29591","targetHints":{"allow":["GET"]}}],"collection":[{"href":"https:\/\/www.yungayino.cl\/noticias\/index.php?rest_route=\/wp\/v2\/posts"}],"about":[{"href":"https:\/\/www.yungayino.cl\/noticias\/index.php?rest_route=\/wp\/v2\/types\/post"}],"author":[{"embeddable":true,"href":"https:\/\/www.yungayino.cl\/noticias\/index.php?rest_route=\/wp\/v2\/users\/2"}],"replies":[{"embeddable":true,"href":"https:\/\/www.yungayino.cl\/noticias\/index.php?rest_route=%2Fwp%2Fv2%2Fcomments&post=29591"}],"version-history":[{"count":4,"href":"https:\/\/www.yungayino.cl\/noticias\/index.php?rest_route=\/wp\/v2\/posts\/29591\/revisions"}],"predecessor-version":[{"id":29596,"href":"https:\/\/www.yungayino.cl\/noticias\/index.php?rest_route=\/wp\/v2\/posts\/29591\/revisions\/29596"}],"wp:featuredmedia":[{"embeddable":true,"href":"https:\/\/www.yungayino.cl\/noticias\/index.php?rest_route=\/wp\/v2\/media\/29592"}],"wp:attachment":[{"href":"https:\/\/www.yungayino.cl\/noticias\/index.php?rest_route=%2Fwp%2Fv2%2Fmedia&parent=29591"}],"wp:term":[{"taxonomy":"category","embeddable":true,"href":"https:\/\/www.yungayino.cl\/noticias\/index.php?rest_route=%2Fwp%2Fv2%2Fcategories&post=29591"},{"taxonomy":"post_tag","embeddable":true,"href":"https:\/\/www.yungayino.cl\/noticias\/index.php?rest_route=%2Fwp%2Fv2%2Ftags&post=29591"}],"curies":[{"name":"wp","href":"https:\/\/api.w.org\/{rel}","templated":true}]}}