{"id":29617,"date":"2023-09-20T16:00:12","date_gmt":"2023-09-20T20:00:12","guid":{"rendered":"http:\/\/www.yungayino.cl\/noticias\/?p=29617"},"modified":"2023-09-20T17:54:26","modified_gmt":"2023-09-20T21:54:26","slug":"con-los-halcones-negros-finalizaron-actividades-fiestas-patrias-2023-en-yungay","status":"publish","type":"post","link":"https:\/\/www.yungayino.cl\/noticias\/?p=29617","title":{"rendered":"Con Los Halcones Negros Finalizaron Actividades Fiestas Patrias 2023 En Yungay"},"content":{"rendered":"<p><img loading=\"lazy\" decoding=\"async\" class=\"alignnone wp-image-29618 size-full\" src=\"http:\/\/www.yungayino.cl\/noticias\/wp-content\/uploads\/2023\/09\/portada-19.jpg\" alt=\"\" width=\"700\" height=\"350\" srcset=\"https:\/\/www.yungayino.cl\/noticias\/wp-content\/uploads\/2023\/09\/portada-19.jpg 700w, https:\/\/www.yungayino.cl\/noticias\/wp-content\/uploads\/2023\/09\/portada-19-300x150.jpg 300w\" sizes=\"auto, (max-width: 700px) 100vw, 700px\" \/><\/p>\n<p style=\"text-align: justify;\">Yungay, septiembre 2023: Con una muy alta asistencia de p\u00fablico y la destacada participaci\u00f3n de Los Halcones Negros, carreras a la chilena y clausura de ramadas finalizaron las diversas actividades en el Parque Ramadero de Yungay, quienes disfrutaron de las \u00faltimas horas de estas Fiestas Patrias 2023.<\/p>\n<p style=\"text-align: justify;\">El Conjunto Yungayino fueron los encargados de cerrar la \u00faltima jornada en el Parque Ramadero con un gran show art\u00edstico en un escenario montado por la Ilustre Municipalidad de Yungay, para finalizar estos 5 d\u00edas de fiestas que a pesar del factor clim\u00e1tico los yungayinos y visitantes disfrutaron de todas las actividades que dispuso el Municipio Yungayino.<\/p>\n<p style=\"text-align: justify;\">El conjunto yungayino de m\u00fasica norte\u00f1a mexicana y cumbia ranchera, se conectaron de forma inmediata con la gran cantidad de p\u00fablico presente, quienes los recibieron con todo el cari\u00f1o y aplausos.<\/p>\n<p style=\"text-align: justify;\">Finalmente el Equipo del Portal Yungayino.cl realiz\u00f3 una amplia cobertura de las actividades realizadas en la comuna, donde podr\u00e1n disfrutar y compartir de un completo archivo fotogr\u00e1fico para el recuerdo de esta larga jornada de Fiestas Patrias 2023.<\/p>\n<p>&nbsp;<\/p>\n<p style=\"text-align: center;\"><strong>FOTOGRAF\u00cdAS:<\/strong><\/p>\n<p style=\"text-align: center;\"><iframe loading=\"lazy\" style=\"border: none; overflow: hidden;\" src=\"https:\/\/www.facebook.com\/plugins\/post.php?href=https%3A%2F%2Fwww.facebook.com%2Fyungayino.cl%2Fposts%2Fpfbid02UWEf5Le65BMsSGq9UaSiQashCRdH1jeGeG2DZJyqYAKVYFxom4KA8TuMRwTm5GbYl&amp;show_text=true&amp;width=500\" width=\"500\" height=\"847\" frameborder=\"0\" scrolling=\"no\" allowfullscreen=\"allowfullscreen\"><\/iframe><\/p>\n","protected":false},"excerpt":{"rendered":"<p>Yungay, septiembre 2023: Con una muy alta asistencia de p\u00fablico y la destacada participaci\u00f3n de Los Halcones Negros, carreras a la chilena y clausura de ramadas finalizaron las diversas actividades en el Parque Ramadero&#46;&#46;&#46;<\/p>\n","protected":false},"author":2,"featured_media":29618,"comment_status":"closed","ping_status":"closed","sticky":false,"template":"","format":"standard","meta":{"footnotes":""},"categories":[17,1],"tags":[528,2166,1115,8,6,117],"class_list":["post-29617","post","type-post","status-publish","format-standard","has-post-thumbnail","hentry","category-deporte","category-noticias","tag-fiestas-patrias","tag-halcones-negros","tag-noticias","tag-yungay","tag-yungayino","tag-yungayinocl"],"_links":{"self":[{"href":"https:\/\/www.yungayino.cl\/noticias\/index.php?rest_route=\/wp\/v2\/posts\/29617","targetHints":{"allow":["GET"]}}],"collection":[{"href":"https:\/\/www.yungayino.cl\/noticias\/index.php?rest_route=\/wp\/v2\/posts"}],"about":[{"href":"https:\/\/www.yungayino.cl\/noticias\/index.php?rest_route=\/wp\/v2\/types\/post"}],"author":[{"embeddable":true,"href":"https:\/\/www.yungayino.cl\/noticias\/index.php?rest_route=\/wp\/v2\/users\/2"}],"replies":[{"embeddable":true,"href":"https:\/\/www.yungayino.cl\/noticias\/index.php?rest_route=%2Fwp%2Fv2%2Fcomments&post=29617"}],"version-history":[{"count":5,"href":"https:\/\/www.yungayino.cl\/noticias\/index.php?rest_route=\/wp\/v2\/posts\/29617\/revisions"}],"predecessor-version":[{"id":29623,"href":"https:\/\/www.yungayino.cl\/noticias\/index.php?rest_route=\/wp\/v2\/posts\/29617\/revisions\/29623"}],"wp:featuredmedia":[{"embeddable":true,"href":"https:\/\/www.yungayino.cl\/noticias\/index.php?rest_route=\/wp\/v2\/media\/29618"}],"wp:attachment":[{"href":"https:\/\/www.yungayino.cl\/noticias\/index.php?rest_route=%2Fwp%2Fv2%2Fmedia&parent=29617"}],"wp:term":[{"taxonomy":"category","embeddable":true,"href":"https:\/\/www.yungayino.cl\/noticias\/index.php?rest_route=%2Fwp%2Fv2%2Fcategories&post=29617"},{"taxonomy":"post_tag","embeddable":true,"href":"https:\/\/www.yungayino.cl\/noticias\/index.php?rest_route=%2Fwp%2Fv2%2Ftags&post=29617"}],"curies":[{"name":"wp","href":"https:\/\/api.w.org\/{rel}","templated":true}]}}