{"id":29649,"date":"2023-09-25T18:00:44","date_gmt":"2023-09-25T22:00:44","guid":{"rendered":"http:\/\/www.yungayino.cl\/noticias\/?p=29649"},"modified":"2023-09-25T20:54:51","modified_gmt":"2023-09-26T00:54:51","slug":"nuevo-vehiculo-para-el-reten-de-campanario-en-yungay","status":"publish","type":"post","link":"https:\/\/www.yungayino.cl\/noticias\/?p=29649","title":{"rendered":"Nuevo Veh\u00edculo Para El Ret\u00e9n De Campanario En Yungay"},"content":{"rendered":"<p><img loading=\"lazy\" decoding=\"async\" class=\"alignnone wp-image-29650 size-full\" src=\"http:\/\/www.yungayino.cl\/noticias\/wp-content\/uploads\/2023\/09\/campanario-vehiculo-carabineros-1.jpg\" alt=\"\" width=\"700\" height=\"350\" srcset=\"https:\/\/www.yungayino.cl\/noticias\/wp-content\/uploads\/2023\/09\/campanario-vehiculo-carabineros-1.jpg 700w, https:\/\/www.yungayino.cl\/noticias\/wp-content\/uploads\/2023\/09\/campanario-vehiculo-carabineros-1-300x150.jpg 300w\" sizes=\"auto, (max-width: 700px) 100vw, 700px\" \/><\/p>\n<p style=\"text-align: justify;\">Septiembre 2023: En una significativa ceremonia celebrada en la prefectura de \u00d1uble, en Chill\u00e1n, el alcalde de Yungay, Rafael Cifuentes Rodr\u00edguez, particip\u00f3 en la entrega de un nuevo veh\u00edculo destinado al ret\u00e9n de Campanario, un recurso vital para la seguridad y el bienestar de los vecinos y vecinas del sector.<\/p>\n<p style=\"text-align: justify;\">La entrega de este veh\u00edculo policial, una robusta camioneta todo terreno, marca un importante paso hacia la eficiencia y el fortalecimiento de los recursos disponibles para la polic\u00eda en la regi\u00f3n de \u00d1uble. Adem\u00e1s del veh\u00edculo para Campanario, se entregaron otros dos autom\u00f3viles para Coihueco y Pemuco, reflejando el compromiso del Gobierno de Chile con la seguridad p\u00fablica en la zona.<\/p>\n<p style=\"text-align: justify;\">La general Mar\u00eda Teresa Araya agradeci\u00f3 la inversi\u00f3n del gobierno en seguridad p\u00fablica y destac\u00f3 la importancia de invertir en veh\u00edculos policiales para acercarse a la poblaci\u00f3n y mejorar la cobertura en sectores rurales. En sus palabras, esta iniciativa busca no solo aumentar la presencia policial en la comunidad, sino tambi\u00e9n fortalecer la sensaci\u00f3n de seguridad entre los ciudadanos.<\/p>\n<p style=\"text-align: justify;\">Este evento es parte de una serie de inversiones destinadas a mejorar la accesibilidad a los servicios de Carabineros de Chile, especialmente en \u00e1reas rurales. El delegado presidencial, Gabriel Pradenas expres\u00f3 que existe una demanda latente de la ciudadan\u00eda por una mayor seguridad y trabajar en pos de aquello se ha convertido en una prioridad para la regi\u00f3n de \u00d1uble y la entrega de estos nuevos veh\u00edculos, un paso significativo en esa direcci\u00f3n.<\/p>\n<p style=\"text-align: justify;\">\u201cEstamos muy agradecidos por el compromiso del Gobierno y la entrega de esta camioneta para el ret\u00e9n de Campanario es un testimonio del compromiso continuo de la General Mar\u00eda Teresa Araya y del Delegado Presidencial, Gabriel Pradenas para fortalecer la seguridad en la regi\u00f3n de \u00d1uble, brindando a los vecinos y vecinas un mayor respaldo en la materia\u201d mencion\u00f3 el alcalde, Rafael Cifuentes Rodr\u00edguez.<\/p>\n<p>&nbsp;<\/p>\n<p><img loading=\"lazy\" decoding=\"async\" class=\"alignnone wp-image-29651 size-full\" src=\"http:\/\/www.yungayino.cl\/noticias\/wp-content\/uploads\/2023\/09\/campanario-vehiculo-carabineros-2.jpg\" alt=\"\" width=\"700\" height=\"466\" srcset=\"https:\/\/www.yungayino.cl\/noticias\/wp-content\/uploads\/2023\/09\/campanario-vehiculo-carabineros-2.jpg 700w, https:\/\/www.yungayino.cl\/noticias\/wp-content\/uploads\/2023\/09\/campanario-vehiculo-carabineros-2-300x200.jpg 300w\" sizes=\"auto, (max-width: 700px) 100vw, 700px\" \/><\/p>\n","protected":false},"excerpt":{"rendered":"<p>Septiembre 2023: En una significativa ceremonia celebrada en la prefectura de \u00d1uble, en Chill\u00e1n, el alcalde de Yungay, Rafael Cifuentes Rodr\u00edguez, particip\u00f3 en la entrega de un nuevo veh\u00edculo destinado al ret\u00e9n de Campanario,&#46;&#46;&#46;<\/p>\n","protected":false},"author":2,"featured_media":29650,"comment_status":"closed","ping_status":"closed","sticky":false,"template":"","format":"standard","meta":{"footnotes":""},"categories":[3,1,32],"tags":[31,25,1115,2948,8,6,117],"class_list":["post-29649","post","type-post","status-publish","format-standard","has-post-thumbnail","hentry","category-actualidad","category-noticias","category-servicios","tag-campanario","tag-carabineros","tag-noticias","tag-nuevo-vehiculo","tag-yungay","tag-yungayino","tag-yungayinocl"],"_links":{"self":[{"href":"https:\/\/www.yungayino.cl\/noticias\/index.php?rest_route=\/wp\/v2\/posts\/29649","targetHints":{"allow":["GET"]}}],"collection":[{"href":"https:\/\/www.yungayino.cl\/noticias\/index.php?rest_route=\/wp\/v2\/posts"}],"about":[{"href":"https:\/\/www.yungayino.cl\/noticias\/index.php?rest_route=\/wp\/v2\/types\/post"}],"author":[{"embeddable":true,"href":"https:\/\/www.yungayino.cl\/noticias\/index.php?rest_route=\/wp\/v2\/users\/2"}],"replies":[{"embeddable":true,"href":"https:\/\/www.yungayino.cl\/noticias\/index.php?rest_route=%2Fwp%2Fv2%2Fcomments&post=29649"}],"version-history":[{"count":1,"href":"https:\/\/www.yungayino.cl\/noticias\/index.php?rest_route=\/wp\/v2\/posts\/29649\/revisions"}],"predecessor-version":[{"id":29652,"href":"https:\/\/www.yungayino.cl\/noticias\/index.php?rest_route=\/wp\/v2\/posts\/29649\/revisions\/29652"}],"wp:featuredmedia":[{"embeddable":true,"href":"https:\/\/www.yungayino.cl\/noticias\/index.php?rest_route=\/wp\/v2\/media\/29650"}],"wp:attachment":[{"href":"https:\/\/www.yungayino.cl\/noticias\/index.php?rest_route=%2Fwp%2Fv2%2Fmedia&parent=29649"}],"wp:term":[{"taxonomy":"category","embeddable":true,"href":"https:\/\/www.yungayino.cl\/noticias\/index.php?rest_route=%2Fwp%2Fv2%2Fcategories&post=29649"},{"taxonomy":"post_tag","embeddable":true,"href":"https:\/\/www.yungayino.cl\/noticias\/index.php?rest_route=%2Fwp%2Fv2%2Ftags&post=29649"}],"curies":[{"name":"wp","href":"https:\/\/api.w.org\/{rel}","templated":true}]}}