{"id":29659,"date":"2023-09-28T07:00:17","date_gmt":"2023-09-28T11:00:17","guid":{"rendered":"http:\/\/www.yungayino.cl\/noticias\/?p=29659"},"modified":"2023-09-25T21:00:08","modified_gmt":"2023-09-26T01:00:08","slug":"personas-mayores-celebran-senama-entrego-recursos-a-133-organizaciones-de-nuble","status":"publish","type":"post","link":"https:\/\/www.yungayino.cl\/noticias\/?p=29659","title":{"rendered":"Personas Mayores Celebran: SENAMA Entreg\u00f3 Recursos A 133 Organizaciones De \u00d1uble"},"content":{"rendered":"<p><img loading=\"lazy\" decoding=\"async\" class=\"alignnone wp-image-29660 size-full\" src=\"http:\/\/www.yungayino.cl\/noticias\/wp-content\/uploads\/2023\/09\/SENAMA.jpg\" alt=\"\" width=\"700\" height=\"350\" srcset=\"https:\/\/www.yungayino.cl\/noticias\/wp-content\/uploads\/2023\/09\/SENAMA.jpg 700w, https:\/\/www.yungayino.cl\/noticias\/wp-content\/uploads\/2023\/09\/SENAMA-300x150.jpg 300w\" sizes=\"auto, (max-width: 700px) 100vw, 700px\" \/><\/p>\n<p style=\"text-align: justify;\">\u00d1uble, septiembre 2023: Con una Ceremonia de Certificaci\u00f3n, organizaciones de personas mayores de \u00d1uble recibieron el documento que acredit\u00f3 el traspaso de fondos para sus proyectos postulados a trav\u00e9s del \u201cFondo Autogestionado Hern\u00e1n Zapata Far\u00edas\u201d del Servicio Nacional del Adulto Mayor, perteneciente al Ministerio de Desarrollo Social y Familia.<\/p>\n<p style=\"text-align: justify;\">Emoci\u00f3n y alegr\u00eda fueron los sentimientos que destacaron en las m\u00e1s de 120 personas mayores, parte de las directivas de diversas organizaciones de las 21 comunas de la regi\u00f3n de \u00d1uble, que se reunieron en la Sala L\u00e1zaro C\u00e1rdenas de Chill\u00e1n para participar de una ceremonia encabezada por diversas autoridades, entre ellas la seremi de Gobierno Valentina Pradenas y la coordinadora regional de Senama Valezka Morales.<\/p>\n<p style=\"text-align: justify;\">La seremi de Gobierno en \u00d1uble, Valentina Pradenas, agradeci\u00f3 la convocatoria y destac\u00f3 que \u201clas personas mayores son una prioridad para nuestro Gobierno, as\u00ed lo ha mandatado el Presidente Gabriel Boric desde el primer momento. Sin embargo nuestro objetivo no s\u00f3lo es preocuparnos de sus cuidados, sino tambi\u00e9n promover su autonom\u00eda, la que les permita tener un envejecimiento digno y saludable, tal y c\u00f3mo lo merecen por todo lo que han trabajado a lo largo de sus vidas. Y es espec\u00edficamente a esto a lo que van enfocados estos recursos, a una mayor integraci\u00f3n de las personas mayores en la sociedad, al fortalecimiento de sus redes y finalmente a que tengan una mejor calidad de vida\u201d, sostuvo.<\/p>\n<p style=\"text-align: justify;\">Los recursos del Fondo Nacional del Adulto Mayor en la regi\u00f3n de \u00d1uble para este a\u00f1o alcanzaron los $111.422.798 y entre los tipos de proyectos destacaron: acciones de voluntariado y servicio a la comunidad; vida saludable y desarrollo personal; fortalecimiento institucional, habilitaci\u00f3n y\/o equipamiento; fomento de actividades productivas; inclusi\u00f3n digital y capacitaci\u00f3n; y recreaci\u00f3n y uso del tiempo libre.<\/p>\n<p style=\"text-align: justify;\">Valezka Morales, coordinadora regional de Senama \u00d1uble, destac\u00f3 la participaci\u00f3n de las agrupaciones. \u201cEs un orgullo para la regi\u00f3n contar con la participaci\u00f3n tan activa de las personas mayores. Una\u00a0 regi\u00f3n con altos \u00edndices de vulnerabilidad, ruralidad y envejecimiento de la poblaci\u00f3n, vemos que hoy se entrega certificado de adjudicaci\u00f3n al fondo autogestionado a 133 organizaciones. Sin lugar a dudas nos ense\u00f1a y nos da la tremenda lecci\u00f3n de que las personas mayores est\u00e1n m\u00e1s activas que nunca y comprometidas con la participaci\u00f3n y, como\u00a0 Gobierno, respondemos y honramos este compromiso.<\/p>\n<p style=\"text-align: justify;\">Manuel Contreras, presidente de la Uni\u00f3n Comunal de Adultos Mayores de San Ignacio, agradeci\u00f3 la instancia e indic\u00f3 que se trata de \u201cun fuerte crecimiento para nuestra organizaci\u00f3n, porque estos recursos los utilizaremos para recreaci\u00f3n, que es finalmente lo que como personas mayores necesitamos. Por lo que nos parecen muy importantes y beneficiosos los aportes que entrega el Gobierno a trav\u00e9s de Senama\u201d, indic\u00f3.<\/p>\n<p style=\"text-align: justify;\">Este fondo concursable, que financia iniciativas ideadas y ejecutadas por agrupaciones de personas mayores de todo el pa\u00eds, tiene como objetivo promover y fortalecer la asociatividad, autonom\u00eda y colaboraci\u00f3n entre ellos, favoreciendo la integraci\u00f3n y participaci\u00f3n social de quienes pertenecen a este grupo de la poblaci\u00f3n.<\/p>\n<p style=\"text-align: justify;\">Raquel Jeldres, presidenta de la Uni\u00f3n Comunal de Adultos Mayores de \u00d1iqu\u00e9n, tambi\u00e9n tuvo palabras de agradecimiento por la adjudicaci\u00f3n del beneficio para sus socias y socios. \u201cPara nosotros es important\u00edsimo postular a todas estas iniciativa, pero mejor a\u00fan que las podamos adjudicar ya que van en directo beneficio de nosotros los adultos mayores. Nuestra comuna de \u00d1iqu\u00e9n tiene el 23% de las personas mayores de \u00d1uble, dentro del cual el 80% sufre de vulnerabilidad econ\u00f3mica, por lo que cada proyecto que nos podamos adjudicar va en beneficio precisamente de esas personas que m\u00e1s lo necesitan. S\u00f3lo darle gracias al Gobierno del Presidente Gabriel Boric y especialmente\u00a0 Senama por todo lo que hace por nosotros\u201d, declar\u00f3.<\/p>\n<p style=\"text-align: justify;\">Finalmente, se inform\u00f3 que este 2023 el Fondo Autogestionado Hern\u00e1n Zapata Far\u00edas tuvo la particularidad que de manera excepcional las comunas afectadas por los incendios forestales de las regiones de \u00d1uble, Biob\u00edo y La Araucan\u00eda, tuvieran una bonificaci\u00f3n especial, lo que signific\u00f3 que un mayor porcentaje de los recursos beneficiara a las agrupaciones de dichas localidades.<\/p>\n","protected":false},"excerpt":{"rendered":"<p>\u00d1uble, septiembre 2023: Con una Ceremonia de Certificaci\u00f3n, organizaciones de personas mayores de \u00d1uble recibieron el documento que acredit\u00f3 el traspaso de fondos para sus proyectos postulados a trav\u00e9s del \u201cFondo Autogestionado Hern\u00e1n Zapata&#46;&#46;&#46;<\/p>\n","protected":false},"author":2,"featured_media":29660,"comment_status":"closed","ping_status":"closed","sticky":false,"template":"","format":"standard","meta":{"footnotes":""},"categories":[1,2567],"tags":[1115,619,8,6,117],"class_list":["post-29659","post","type-post","status-publish","format-standard","has-post-thumbnail","hentry","category-noticias","category-social","tag-noticias","tag-senama","tag-yungay","tag-yungayino","tag-yungayinocl"],"_links":{"self":[{"href":"https:\/\/www.yungayino.cl\/noticias\/index.php?rest_route=\/wp\/v2\/posts\/29659","targetHints":{"allow":["GET"]}}],"collection":[{"href":"https:\/\/www.yungayino.cl\/noticias\/index.php?rest_route=\/wp\/v2\/posts"}],"about":[{"href":"https:\/\/www.yungayino.cl\/noticias\/index.php?rest_route=\/wp\/v2\/types\/post"}],"author":[{"embeddable":true,"href":"https:\/\/www.yungayino.cl\/noticias\/index.php?rest_route=\/wp\/v2\/users\/2"}],"replies":[{"embeddable":true,"href":"https:\/\/www.yungayino.cl\/noticias\/index.php?rest_route=%2Fwp%2Fv2%2Fcomments&post=29659"}],"version-history":[{"count":1,"href":"https:\/\/www.yungayino.cl\/noticias\/index.php?rest_route=\/wp\/v2\/posts\/29659\/revisions"}],"predecessor-version":[{"id":29661,"href":"https:\/\/www.yungayino.cl\/noticias\/index.php?rest_route=\/wp\/v2\/posts\/29659\/revisions\/29661"}],"wp:featuredmedia":[{"embeddable":true,"href":"https:\/\/www.yungayino.cl\/noticias\/index.php?rest_route=\/wp\/v2\/media\/29660"}],"wp:attachment":[{"href":"https:\/\/www.yungayino.cl\/noticias\/index.php?rest_route=%2Fwp%2Fv2%2Fmedia&parent=29659"}],"wp:term":[{"taxonomy":"category","embeddable":true,"href":"https:\/\/www.yungayino.cl\/noticias\/index.php?rest_route=%2Fwp%2Fv2%2Fcategories&post=29659"},{"taxonomy":"post_tag","embeddable":true,"href":"https:\/\/www.yungayino.cl\/noticias\/index.php?rest_route=%2Fwp%2Fv2%2Ftags&post=29659"}],"curies":[{"name":"wp","href":"https:\/\/api.w.org\/{rel}","templated":true}]}}