{"id":29692,"date":"2023-09-29T08:00:56","date_gmt":"2023-09-29T12:00:56","guid":{"rendered":"http:\/\/www.yungayino.cl\/noticias\/?p=29692"},"modified":"2023-09-29T12:58:06","modified_gmt":"2023-09-29T16:58:06","slug":"con-gran-exito-se-presento-brigada-canina-de-carabineros-de-chile-en-yungay","status":"publish","type":"post","link":"https:\/\/www.yungayino.cl\/noticias\/?p=29692","title":{"rendered":"Con Gran \u00c9xito Se Present\u00f3 Brigada Canina De Carabineros De Chile En Yungay"},"content":{"rendered":"<p><img loading=\"lazy\" decoding=\"async\" class=\"alignnone wp-image-29695 size-full\" src=\"http:\/\/www.yungayino.cl\/noticias\/wp-content\/uploads\/2023\/09\/PORTADA-22.jpg\" alt=\"\" width=\"700\" height=\"350\" srcset=\"https:\/\/www.yungayino.cl\/noticias\/wp-content\/uploads\/2023\/09\/PORTADA-22.jpg 700w, https:\/\/www.yungayino.cl\/noticias\/wp-content\/uploads\/2023\/09\/PORTADA-22-300x150.jpg 300w\" sizes=\"auto, (max-width: 700px) 100vw, 700px\" \/><\/p>\n<p style=\"text-align: justify;\">Yungay, septiembre 2023: Con gran \u00e9xito se present\u00f3 en Yungay el Grupo de Adiestramiento Canino de Carabineros de Chile, actividad que se llev\u00f3 a cabo en las dependencias del Estadio Municipal y que cont\u00f3 con la asistencia del alcalde Rafael Cifuentes, la Jefa de Zona de Carabineros \u00d1uble, General Mar\u00eda Teresa Araya, el Mayor de la Cuarta Comisaria de Yungay, Paulo Jim\u00e9nez Due\u00f1as, Concejales, Representantes de Bomberos y Gendarmer\u00eda, Colegios, Jardines Infantiles, Invitados Especiales y P\u00fablico en General.<\/p>\n<p style=\"text-align: justify;\">La habilidad, destreza, entretenci\u00f3n y obediencia de los perros y por sobre todo, la alegr\u00eda y la sorpresa de los ni\u00f1os (as) de Yungay fueron la t\u00f3nica de la impecable presentaci\u00f3n que realiz\u00f3 la Escuela de Adiestramiento Canina de Carabineros de Chile, actividad que se desarroll\u00f3 en el marco de una gira de Carabineros de Chile que est\u00e1 realizando por la Regi\u00f3n de \u00d1uble.<\/p>\n<p style=\"text-align: justify;\">El alcalde Rafael Cifuentes se\u00f1al\u00f3 estar muy contentos por esta visita y por haber considerado a Yungay con esta linda presentaci\u00f3n de la Brigada Canina de Carabineros, y tambi\u00e9n por lo cientos de ni\u00f1os (as) de las diferentes establecimientos escolares, jardines infantiles, adem\u00e1s de comunidad en general que nos visitaron para ver esta actividad y esperando que en el futuro volver a repetir esta presentaci\u00f3n, finalmente agradeci\u00f3 a Carabineros de Chile por esta hermosa presentaci\u00f3n y reiter\u00f3 sus felicitaciones a todos.<\/p>\n<p style=\"text-align: justify;\">\u201cEstamos muy contentos con esta visita, quisimos traer a nuestros perritos policiales, donde durante esta semana estamos recorriendo diferentes comuna de la regi\u00f3n de \u00d1uble, y en esta ocasi\u00f3n quisimos focalizarnos especialmente en los ni\u00f1os, ni\u00f1as y adolescentes y tambi\u00e9n a los papas y adultos mayores que tambi\u00e9n est\u00e1n disfrutando de la alegr\u00eda que podemos traerles a los ni\u00f1os (as), esos son los valores esenciales que nosotros queremos transmitirles, la alegr\u00eda, el compa\u00f1erismo, ver justamente como los canes en cierta medida hacen su trabajo, y ese es un trabajo coordinado con dedicaci\u00f3n y esos son los valores que nosotros queremos plasmar en nuestros ni\u00f1os (as)\u201d as\u00ed lo indic\u00f3 la General, Mar\u00eda Teresa Araya al Portal Yungayino.cl<\/p>\n<p>&nbsp;<\/p>\n<p>&nbsp;<\/p>\n<p style=\"text-align: center;\">FOTOGRAF\u00cdAS:<\/p>\n<p style=\"text-align: center;\"><iframe loading=\"lazy\" style=\"border: none; overflow: hidden;\" src=\"https:\/\/www.facebook.com\/plugins\/post.php?href=https%3A%2F%2Fwww.facebook.com%2Fyungayino.cl%2Fposts%2Fpfbid0XQKKuHkcLZEkrbNCuu5q7eSJA4za1KcUzn5YsQHGCX1sZSV3F7SRNViLYdFjuCyQl&amp;show_text=true&amp;width=500\" width=\"500\" height=\"822\" frameborder=\"0\" scrolling=\"no\" allowfullscreen=\"allowfullscreen\"><\/iframe><\/p>\n","protected":false},"excerpt":{"rendered":"<p>Yungay, septiembre 2023: Con gran \u00e9xito se present\u00f3 en Yungay el Grupo de Adiestramiento Canino de Carabineros de Chile, actividad que se llev\u00f3 a cabo en las dependencias del Estadio Municipal y que cont\u00f3&#46;&#46;&#46;<\/p>\n","protected":false},"author":2,"featured_media":29695,"comment_status":"closed","ping_status":"closed","sticky":false,"template":"","format":"standard","meta":{"footnotes":""},"categories":[5,1],"tags":[2952,25,1115,8,117],"class_list":["post-29692","post","type-post","status-publish","format-standard","has-post-thumbnail","hentry","category-eventos","category-noticias","tag-brigada-canina","tag-carabineros","tag-noticias","tag-yungay","tag-yungayinocl"],"_links":{"self":[{"href":"https:\/\/www.yungayino.cl\/noticias\/index.php?rest_route=\/wp\/v2\/posts\/29692","targetHints":{"allow":["GET"]}}],"collection":[{"href":"https:\/\/www.yungayino.cl\/noticias\/index.php?rest_route=\/wp\/v2\/posts"}],"about":[{"href":"https:\/\/www.yungayino.cl\/noticias\/index.php?rest_route=\/wp\/v2\/types\/post"}],"author":[{"embeddable":true,"href":"https:\/\/www.yungayino.cl\/noticias\/index.php?rest_route=\/wp\/v2\/users\/2"}],"replies":[{"embeddable":true,"href":"https:\/\/www.yungayino.cl\/noticias\/index.php?rest_route=%2Fwp%2Fv2%2Fcomments&post=29692"}],"version-history":[{"count":5,"href":"https:\/\/www.yungayino.cl\/noticias\/index.php?rest_route=\/wp\/v2\/posts\/29692\/revisions"}],"predecessor-version":[{"id":29698,"href":"https:\/\/www.yungayino.cl\/noticias\/index.php?rest_route=\/wp\/v2\/posts\/29692\/revisions\/29698"}],"wp:featuredmedia":[{"embeddable":true,"href":"https:\/\/www.yungayino.cl\/noticias\/index.php?rest_route=\/wp\/v2\/media\/29695"}],"wp:attachment":[{"href":"https:\/\/www.yungayino.cl\/noticias\/index.php?rest_route=%2Fwp%2Fv2%2Fmedia&parent=29692"}],"wp:term":[{"taxonomy":"category","embeddable":true,"href":"https:\/\/www.yungayino.cl\/noticias\/index.php?rest_route=%2Fwp%2Fv2%2Fcategories&post=29692"},{"taxonomy":"post_tag","embeddable":true,"href":"https:\/\/www.yungayino.cl\/noticias\/index.php?rest_route=%2Fwp%2Fv2%2Ftags&post=29692"}],"curies":[{"name":"wp","href":"https:\/\/api.w.org\/{rel}","templated":true}]}}