{"id":29699,"date":"2023-10-01T07:00:50","date_gmt":"2023-10-01T11:00:50","guid":{"rendered":"http:\/\/www.yungayino.cl\/noticias\/?p=29699"},"modified":"2023-10-02T12:48:34","modified_gmt":"2023-10-02T16:48:34","slug":"programa-nuble-circular-en-yungay","status":"publish","type":"post","link":"https:\/\/www.yungayino.cl\/noticias\/?p=29699","title":{"rendered":"Programa \u00d1uble Circular En Yungay"},"content":{"rendered":"<p><img loading=\"lazy\" decoding=\"async\" class=\"alignnone wp-image-29701 size-full\" src=\"http:\/\/www.yungayino.cl\/noticias\/wp-content\/uploads\/2023\/09\/programa-nuble-circular-2.jpg\" alt=\"\" width=\"700\" height=\"527\" srcset=\"https:\/\/www.yungayino.cl\/noticias\/wp-content\/uploads\/2023\/09\/programa-nuble-circular-2.jpg 700w, https:\/\/www.yungayino.cl\/noticias\/wp-content\/uploads\/2023\/09\/programa-nuble-circular-2-300x226.jpg 300w\" sizes=\"auto, (max-width: 700px) 100vw, 700px\" \/><\/p>\n<p style=\"text-align: justify;\">Yungay, octubre 2023: El Programa \u00d1uble Circular, una iniciativa del Ministerio del Medio Ambiente, financiada por el Gobierno Regional de \u00d1uble y ejecutada por Geociclos con el apoyo de la Municipalidad de Yungay.<\/p>\n<p style=\"text-align: justify;\">El objetivo principal de este programa es reducir los residuos org\u00e1nicos que terminan en el relleno sanitario, disminuyendo as\u00ed las emisiones de gases de efecto invernadero. Pero eso no es todo, tambi\u00e9n se busca generar abono org\u00e1nico de alta calidad para los queridos vecinos de la comuna.<\/p>\n<p style=\"text-align: justify;\">\u00bfC\u00f3mo se lleva a cabo este proceso? El Programa #\u00d1ublecircular ofrece capacitaci\u00f3n especializada y la instalaci\u00f3n de equipos de compostaje o vermicompostaje en los hogares de los participantes y para asegurarse de que esto ocurra, se brinda acompa\u00f1amiento durante 3 meses para garantizar los mejores resultados.<\/p>\n","protected":false},"excerpt":{"rendered":"<p>Yungay, octubre 2023: El Programa \u00d1uble Circular, una iniciativa del Ministerio del Medio Ambiente, financiada por el Gobierno Regional de \u00d1uble y ejecutada por Geociclos con el apoyo de la Municipalidad de Yungay. El&#46;&#46;&#46;<\/p>\n","protected":false},"author":2,"featured_media":29700,"comment_status":"closed","ping_status":"closed","sticky":false,"template":"","format":"standard","meta":{"footnotes":""},"categories":[1,32],"tags":[1115,2822,8,6,117],"class_list":["post-29699","post","type-post","status-publish","format-standard","has-post-thumbnail","hentry","category-noticias","category-servicios","tag-noticias","tag-nuble-circular","tag-yungay","tag-yungayino","tag-yungayinocl"],"_links":{"self":[{"href":"https:\/\/www.yungayino.cl\/noticias\/index.php?rest_route=\/wp\/v2\/posts\/29699","targetHints":{"allow":["GET"]}}],"collection":[{"href":"https:\/\/www.yungayino.cl\/noticias\/index.php?rest_route=\/wp\/v2\/posts"}],"about":[{"href":"https:\/\/www.yungayino.cl\/noticias\/index.php?rest_route=\/wp\/v2\/types\/post"}],"author":[{"embeddable":true,"href":"https:\/\/www.yungayino.cl\/noticias\/index.php?rest_route=\/wp\/v2\/users\/2"}],"replies":[{"embeddable":true,"href":"https:\/\/www.yungayino.cl\/noticias\/index.php?rest_route=%2Fwp%2Fv2%2Fcomments&post=29699"}],"version-history":[{"count":1,"href":"https:\/\/www.yungayino.cl\/noticias\/index.php?rest_route=\/wp\/v2\/posts\/29699\/revisions"}],"predecessor-version":[{"id":29702,"href":"https:\/\/www.yungayino.cl\/noticias\/index.php?rest_route=\/wp\/v2\/posts\/29699\/revisions\/29702"}],"wp:featuredmedia":[{"embeddable":true,"href":"https:\/\/www.yungayino.cl\/noticias\/index.php?rest_route=\/wp\/v2\/media\/29700"}],"wp:attachment":[{"href":"https:\/\/www.yungayino.cl\/noticias\/index.php?rest_route=%2Fwp%2Fv2%2Fmedia&parent=29699"}],"wp:term":[{"taxonomy":"category","embeddable":true,"href":"https:\/\/www.yungayino.cl\/noticias\/index.php?rest_route=%2Fwp%2Fv2%2Fcategories&post=29699"},{"taxonomy":"post_tag","embeddable":true,"href":"https:\/\/www.yungayino.cl\/noticias\/index.php?rest_route=%2Fwp%2Fv2%2Ftags&post=29699"}],"curies":[{"name":"wp","href":"https:\/\/api.w.org\/{rel}","templated":true}]}}