{"id":29703,"date":"2023-10-01T08:00:01","date_gmt":"2023-10-01T12:00:01","guid":{"rendered":"http:\/\/www.yungayino.cl\/noticias\/?p=29703"},"modified":"2023-10-02T12:47:50","modified_gmt":"2023-10-02T16:47:50","slug":"director-regional-del-sernac-nuble-visito-yungay","status":"publish","type":"post","link":"https:\/\/www.yungayino.cl\/noticias\/?p=29703","title":{"rendered":"Director Regional Del SERNAC \u00d1uble Visit\u00f3 Yungay"},"content":{"rendered":"<p><img loading=\"lazy\" decoding=\"async\" class=\"alignnone wp-image-29704 size-full\" src=\"http:\/\/www.yungayino.cl\/noticias\/wp-content\/uploads\/2023\/09\/sernac-nuble.jpg\" alt=\"\" width=\"700\" height=\"350\" srcset=\"https:\/\/www.yungayino.cl\/noticias\/wp-content\/uploads\/2023\/09\/sernac-nuble.jpg 700w, https:\/\/www.yungayino.cl\/noticias\/wp-content\/uploads\/2023\/09\/sernac-nuble-300x150.jpg 300w\" sizes=\"auto, (max-width: 700px) 100vw, 700px\" \/><\/p>\n<p style=\"text-align: justify;\">Yungay, octubre 2023: Director Regional del SERNAC \u00d1uble, F\u00e9lix Mercado Berr\u00edos realiz\u00f3 una visita protocolar que refuerza el compromiso del municipio con la protecci\u00f3n de los derechos de los consumidores.<\/p>\n<p style=\"text-align: justify;\">El SERNAC trabaja para promover una cultura de informaci\u00f3n, educaci\u00f3n y participaci\u00f3n ciudadana, en l\u00ednea con la Ley de Protecci\u00f3n al Consumidor. En este sentido, la colaboraci\u00f3n entre el SERNAC, el municipio y nuestra comunidad es esencial.<\/p>\n<p style=\"text-align: justify;\">Durante la visita, se discutieron temas clave relacionados con la defensa de los derechos del consumidor en Yungay. El Director Regional, F\u00e9lix Mercado Berr\u00edos, se mostr\u00f3 dispuesto a trabajar en conjunto con el municipio yungayino para resolver inquietudes y garantizar el cumplimiento de las normativas vigentes.<\/p>\n","protected":false},"excerpt":{"rendered":"<p>Yungay, octubre 2023: Director Regional del SERNAC \u00d1uble, F\u00e9lix Mercado Berr\u00edos realiz\u00f3 una visita protocolar que refuerza el compromiso del municipio con la protecci\u00f3n de los derechos de los consumidores. El SERNAC trabaja para&#46;&#46;&#46;<\/p>\n","protected":false},"author":2,"featured_media":29704,"comment_status":"closed","ping_status":"closed","sticky":false,"template":"","format":"standard","meta":{"footnotes":""},"categories":[3,1,32],"tags":[1115,1678,1172,8,6,117],"class_list":["post-29703","post","type-post","status-publish","format-standard","has-post-thumbnail","hentry","category-actualidad","category-noticias","category-servicios","tag-noticias","tag-nuble","tag-sernac","tag-yungay","tag-yungayino","tag-yungayinocl"],"_links":{"self":[{"href":"https:\/\/www.yungayino.cl\/noticias\/index.php?rest_route=\/wp\/v2\/posts\/29703","targetHints":{"allow":["GET"]}}],"collection":[{"href":"https:\/\/www.yungayino.cl\/noticias\/index.php?rest_route=\/wp\/v2\/posts"}],"about":[{"href":"https:\/\/www.yungayino.cl\/noticias\/index.php?rest_route=\/wp\/v2\/types\/post"}],"author":[{"embeddable":true,"href":"https:\/\/www.yungayino.cl\/noticias\/index.php?rest_route=\/wp\/v2\/users\/2"}],"replies":[{"embeddable":true,"href":"https:\/\/www.yungayino.cl\/noticias\/index.php?rest_route=%2Fwp%2Fv2%2Fcomments&post=29703"}],"version-history":[{"count":2,"href":"https:\/\/www.yungayino.cl\/noticias\/index.php?rest_route=\/wp\/v2\/posts\/29703\/revisions"}],"predecessor-version":[{"id":29706,"href":"https:\/\/www.yungayino.cl\/noticias\/index.php?rest_route=\/wp\/v2\/posts\/29703\/revisions\/29706"}],"wp:featuredmedia":[{"embeddable":true,"href":"https:\/\/www.yungayino.cl\/noticias\/index.php?rest_route=\/wp\/v2\/media\/29704"}],"wp:attachment":[{"href":"https:\/\/www.yungayino.cl\/noticias\/index.php?rest_route=%2Fwp%2Fv2%2Fmedia&parent=29703"}],"wp:term":[{"taxonomy":"category","embeddable":true,"href":"https:\/\/www.yungayino.cl\/noticias\/index.php?rest_route=%2Fwp%2Fv2%2Fcategories&post=29703"},{"taxonomy":"post_tag","embeddable":true,"href":"https:\/\/www.yungayino.cl\/noticias\/index.php?rest_route=%2Fwp%2Fv2%2Ftags&post=29703"}],"curies":[{"name":"wp","href":"https:\/\/api.w.org\/{rel}","templated":true}]}}