{"id":29710,"date":"2023-09-30T17:00:19","date_gmt":"2023-09-30T21:00:19","guid":{"rendered":"http:\/\/www.yungayino.cl\/noticias\/?p=29710"},"modified":"2023-09-30T17:40:03","modified_gmt":"2023-09-30T21:40:03","slug":"prodemu-y-municipalidad-de-yungay-certifican-a-mujeres-emprendedoras-en-taller-de-empoderamiento","status":"publish","type":"post","link":"https:\/\/www.yungayino.cl\/noticias\/?p=29710","title":{"rendered":"PRODEMU Y Municipalidad De Yungay Certifican A Mujeres Emprendedoras En Taller De Empoderamiento"},"content":{"rendered":"<p><img loading=\"lazy\" decoding=\"async\" class=\"alignnone wp-image-29711 size-full\" src=\"http:\/\/www.yungayino.cl\/noticias\/wp-content\/uploads\/2023\/09\/prodemu.jpg\" alt=\"\" width=\"700\" height=\"350\" srcset=\"https:\/\/www.yungayino.cl\/noticias\/wp-content\/uploads\/2023\/09\/prodemu.jpg 700w, https:\/\/www.yungayino.cl\/noticias\/wp-content\/uploads\/2023\/09\/prodemu-300x150.jpg 300w\" sizes=\"auto, (max-width: 700px) 100vw, 700px\" \/><\/p>\n<p style=\"text-align: justify;\">Yungay, septiembre 2023: La Fundaci\u00f3n PRODEMU en colaboraci\u00f3n con la Municipalidad de Yungay llev\u00f3 a cabo una emotiva ceremonia de certificaci\u00f3n para un grupo de mujeres emprendedoras de la comuna. Estas 20 mujeres participaron activamente en dos programas fundamentales: \u00abJuntas Crecemos\u00bb y \u00abEmpoderamiento Digital para Usos Sociales, Econ\u00f3micos y Culturales\u00bb.<\/p>\n<p style=\"text-align: justify;\">PRODEMU, una organizaci\u00f3n con una trayectoria de 32 a\u00f1os, se dedica a promover el desarrollo de las mujeres en Chile y fortalecer su autonom\u00eda, con el objetivo de defender sus derechos y empoderar a mujeres de diversas realidades en todo el pa\u00eds.<\/p>\n<p style=\"text-align: justify;\">Durante el a\u00f1o 2022, diez mujeres yungayinas se sumergieron en los talleres ofrecidos por PRODEMU, donde tuvieron la oportunidad de explorar el mundo de la tecnolog\u00eda y utilizarla como una herramienta para fortalecer sus emprendimientos. Como parte de este programa, cada una de las participantes recibi\u00f3 un tel\u00e9fono m\u00f3vil con un plan gratuito v\u00e1lido por un a\u00f1o.<\/p>\n<p style=\"text-align: justify;\">El a\u00f1o 2023 marc\u00f3 otro hito en la colaboraci\u00f3n entre PRODEMU y la Municipalidad de Yungay, ya que otras diez mujeres se beneficiaron del taller \u00abJuntas Crecemos\u00bb. Este programa est\u00e1 dise\u00f1ado espec\u00edficamente para mujeres emprendedoras y proporciona herramientas esenciales para el crecimiento empresarial. Adem\u00e1s, las participantes recibieron un capital de 150.000 pesos destinado a impulsar sus proyectos comerciales.<\/p>\n<p style=\"text-align: justify;\">En el evento, el alcalde Rafael Cifuentes Rodr\u00edguez expres\u00f3 su admiraci\u00f3n por el esfuerzo de las mujeres yungayinas por sacar adelante a sus familias y las alent\u00f3 a seguir participando en programas similares que impulsen su desarrollo.<\/p>\n<p style=\"text-align: justify;\">Am\u00e9rica Burboa Villar, Directora Regional de PRODEMU, elogi\u00f3 el trabajo conjunto entre los profesionales municipales y el equipo de PRODEMU y felicit\u00f3 a las participantes por su dedicaci\u00f3n y logros.<\/p>\n<p style=\"text-align: justify;\">Finalmente, Camila Espinoza Briones, participante de uno de los talleres, comparti\u00f3 su experiencia destacando que PRODEMU no solo les brind\u00f3 las herramientas t\u00e9cnicas y te\u00f3ricas para emprender, sino que tambi\u00e9n les proporcion\u00f3 espacios para conectar con otras mujeres emprendedoras, aprender de sus experiencias y construir relaciones significativas.<\/p>\n<p style=\"text-align: justify;\">Adem\u00e1s del alcalde y la Directora Regional de PRODEMU, estuvieron presentes en la actividad los concejales Gonzalo Rojas, Berta Cid, Ricardo Ramos y Fernando Cabezas.<\/p>\n","protected":false},"excerpt":{"rendered":"<p>Yungay, septiembre 2023: La Fundaci\u00f3n PRODEMU en colaboraci\u00f3n con la Municipalidad de Yungay llev\u00f3 a cabo una emotiva ceremonia de certificaci\u00f3n para un grupo de mujeres emprendedoras de la comuna. Estas 20 mujeres participaron&#46;&#46;&#46;<\/p>\n","protected":false},"author":2,"featured_media":29711,"comment_status":"closed","ping_status":"closed","sticky":false,"template":"","format":"standard","meta":{"footnotes":""},"categories":[1,32],"tags":[1115,500,8,6,117],"class_list":["post-29710","post","type-post","status-publish","format-standard","has-post-thumbnail","hentry","category-noticias","category-servicios","tag-noticias","tag-prodemu","tag-yungay","tag-yungayino","tag-yungayinocl"],"_links":{"self":[{"href":"https:\/\/www.yungayino.cl\/noticias\/index.php?rest_route=\/wp\/v2\/posts\/29710","targetHints":{"allow":["GET"]}}],"collection":[{"href":"https:\/\/www.yungayino.cl\/noticias\/index.php?rest_route=\/wp\/v2\/posts"}],"about":[{"href":"https:\/\/www.yungayino.cl\/noticias\/index.php?rest_route=\/wp\/v2\/types\/post"}],"author":[{"embeddable":true,"href":"https:\/\/www.yungayino.cl\/noticias\/index.php?rest_route=\/wp\/v2\/users\/2"}],"replies":[{"embeddable":true,"href":"https:\/\/www.yungayino.cl\/noticias\/index.php?rest_route=%2Fwp%2Fv2%2Fcomments&post=29710"}],"version-history":[{"count":1,"href":"https:\/\/www.yungayino.cl\/noticias\/index.php?rest_route=\/wp\/v2\/posts\/29710\/revisions"}],"predecessor-version":[{"id":29712,"href":"https:\/\/www.yungayino.cl\/noticias\/index.php?rest_route=\/wp\/v2\/posts\/29710\/revisions\/29712"}],"wp:featuredmedia":[{"embeddable":true,"href":"https:\/\/www.yungayino.cl\/noticias\/index.php?rest_route=\/wp\/v2\/media\/29711"}],"wp:attachment":[{"href":"https:\/\/www.yungayino.cl\/noticias\/index.php?rest_route=%2Fwp%2Fv2%2Fmedia&parent=29710"}],"wp:term":[{"taxonomy":"category","embeddable":true,"href":"https:\/\/www.yungayino.cl\/noticias\/index.php?rest_route=%2Fwp%2Fv2%2Fcategories&post=29710"},{"taxonomy":"post_tag","embeddable":true,"href":"https:\/\/www.yungayino.cl\/noticias\/index.php?rest_route=%2Fwp%2Fv2%2Ftags&post=29710"}],"curies":[{"name":"wp","href":"https:\/\/api.w.org\/{rel}","templated":true}]}}