{"id":29713,"date":"2023-10-03T07:00:14","date_gmt":"2023-10-03T11:00:14","guid":{"rendered":"http:\/\/www.yungayino.cl\/noticias\/?p=29713"},"modified":"2023-10-02T12:47:31","modified_gmt":"2023-10-02T16:47:31","slug":"fonasa-abre-punto-de-venta-de-bonos-en-clinica-andes-salud-de-chillan","status":"publish","type":"post","link":"https:\/\/www.yungayino.cl\/noticias\/?p=29713","title":{"rendered":"Fonasa Abre Punto De Venta De Bonos En Cl\u00ednica Andes Salud De Chill\u00e1n"},"content":{"rendered":"<p><img loading=\"lazy\" decoding=\"async\" class=\"alignnone wp-image-29714 size-full\" src=\"http:\/\/www.yungayino.cl\/noticias\/wp-content\/uploads\/2023\/10\/fonasa-en-clinica-chillan.jpg\" alt=\"\" width=\"700\" height=\"350\" srcset=\"https:\/\/www.yungayino.cl\/noticias\/wp-content\/uploads\/2023\/10\/fonasa-en-clinica-chillan.jpg 700w, https:\/\/www.yungayino.cl\/noticias\/wp-content\/uploads\/2023\/10\/fonasa-en-clinica-chillan-300x150.jpg 300w\" sizes=\"auto, (max-width: 700px) 100vw, 700px\" \/><\/p>\n<p style=\"text-align: justify;\">Chill\u00e1n, octubre 2023: Acceder a los servicios de Fonasa, sin moverse del lugar de atenci\u00f3n, es la finalidad del nuevo punto de atenci\u00f3n externo de Fonasa abierto en las dependencias de la Cl\u00ednica Andes Salud de Chill\u00e1n, la que fue inaugurada el pasado 27 de septiembre con la presencia del Director Zonal Centro Sur de Fonasa, Mauricio Jara Lav\u00edn; la gerenta general y el director m\u00e9dico del establecimiento, Edith Ochoa Gonz\u00e1lez y el director m\u00e9dico Dr. Ricardo Arancibia, entre otras autoridades institucionales.<\/p>\n<p style=\"text-align: justify;\">El punto de atenci\u00f3n ser\u00e1 de gran beneficio para las personas beneficiarias que se tratan en Andes Salud Chill\u00e1n, quienes podr\u00e1n realizar sus tr\u00e1mites sin acudir a una sucursal, optimizando su tiempo, todo en un mismo lugar y mejorando considerablemente su experiencia.<\/p>\n<p style=\"text-align: justify;\">La Gerente General de la cl\u00ednica, Edith Ochoa Gonz\u00e1lez, se\u00f1al\u00f3 que \u201cel 66% de los pacientes que atienden son beneficiarios de Fonasa, por lo que es muy importante para nosotros este v\u00ednculo p\u00fablico \u2013 privado y sobre todo para las personas que se atienden con nosotros\u201d.<\/p>\n<p style=\"text-align: justify;\">Por su parte, el Director Zonal de Fonasa, Mauricio Jara Lav\u00edn, destac\u00f3 que \u201ces muy importante estar aqu\u00ed hoy, dando comienzo a un convenio que agiliza el acceso a las personas beneficiarias de Fonasa en este punto de atenci\u00f3n. Esto les va a permitir un ahorro de tiempo, no trasladarse a la sucursal de Fonasa. Esta colaboraci\u00f3n p\u00fablico-privada es una l\u00ednea de trabajo de Fonasa con sus prestadores en convenio para facilitar la vida de las personas beneficiarias\u201d.<\/p>\n<p style=\"text-align: justify;\">Los servicios disponibles son venta de bonos, Devoluci\u00f3n de bonos de consulta y ex\u00e1menes, Venta de bonos PAD y valorizaci\u00f3n de programas de atenci\u00f3n de salud y Orientaci\u00f3n general de tr\u00e1mites Fonasa.<\/p>\n<p style=\"text-align: justify;\">El horario de atenci\u00f3n es de lunes a viernes, de 8 a 17 horas.<\/p>\n","protected":false},"excerpt":{"rendered":"<p>Chill\u00e1n, octubre 2023: Acceder a los servicios de Fonasa, sin moverse del lugar de atenci\u00f3n, es la finalidad del nuevo punto de atenci\u00f3n externo de Fonasa abierto en las dependencias de la Cl\u00ednica Andes&#46;&#46;&#46;<\/p>\n","protected":false},"author":2,"featured_media":29714,"comment_status":"closed","ping_status":"closed","sticky":false,"template":"","format":"standard","meta":{"footnotes":""},"categories":[3,1,1675,1676,32],"tags":[728,2953,1415,1115,1678,65,8,6,117],"class_list":["post-29713","post","type-post","status-publish","format-standard","has-post-thumbnail","hentry","category-actualidad","category-noticias","category-saludc","category-salud","category-servicios","tag-chillan","tag-clinica-andes-salud","tag-fonasa","tag-noticias","tag-nuble","tag-salud","tag-yungay","tag-yungayino","tag-yungayinocl"],"_links":{"self":[{"href":"https:\/\/www.yungayino.cl\/noticias\/index.php?rest_route=\/wp\/v2\/posts\/29713","targetHints":{"allow":["GET"]}}],"collection":[{"href":"https:\/\/www.yungayino.cl\/noticias\/index.php?rest_route=\/wp\/v2\/posts"}],"about":[{"href":"https:\/\/www.yungayino.cl\/noticias\/index.php?rest_route=\/wp\/v2\/types\/post"}],"author":[{"embeddable":true,"href":"https:\/\/www.yungayino.cl\/noticias\/index.php?rest_route=\/wp\/v2\/users\/2"}],"replies":[{"embeddable":true,"href":"https:\/\/www.yungayino.cl\/noticias\/index.php?rest_route=%2Fwp%2Fv2%2Fcomments&post=29713"}],"version-history":[{"count":1,"href":"https:\/\/www.yungayino.cl\/noticias\/index.php?rest_route=\/wp\/v2\/posts\/29713\/revisions"}],"predecessor-version":[{"id":29715,"href":"https:\/\/www.yungayino.cl\/noticias\/index.php?rest_route=\/wp\/v2\/posts\/29713\/revisions\/29715"}],"wp:featuredmedia":[{"embeddable":true,"href":"https:\/\/www.yungayino.cl\/noticias\/index.php?rest_route=\/wp\/v2\/media\/29714"}],"wp:attachment":[{"href":"https:\/\/www.yungayino.cl\/noticias\/index.php?rest_route=%2Fwp%2Fv2%2Fmedia&parent=29713"}],"wp:term":[{"taxonomy":"category","embeddable":true,"href":"https:\/\/www.yungayino.cl\/noticias\/index.php?rest_route=%2Fwp%2Fv2%2Fcategories&post=29713"},{"taxonomy":"post_tag","embeddable":true,"href":"https:\/\/www.yungayino.cl\/noticias\/index.php?rest_route=%2Fwp%2Fv2%2Ftags&post=29713"}],"curies":[{"name":"wp","href":"https:\/\/api.w.org\/{rel}","templated":true}]}}