{"id":29761,"date":"2023-10-10T07:00:11","date_gmt":"2023-10-10T11:00:11","guid":{"rendered":"http:\/\/www.yungayino.cl\/noticias\/?p=29761"},"modified":"2023-10-04T20:14:01","modified_gmt":"2023-10-05T00:14:01","slug":"gobierno-regional-ha-invertido-mas-de-22-200-millones-en-proyectos-para-salud-en-nuble","status":"publish","type":"post","link":"https:\/\/www.yungayino.cl\/noticias\/?p=29761","title":{"rendered":"Gobierno Regional Ha Invertido M\u00e1s De $22.200 Millones En Proyectos Para Salud En \u00d1uble"},"content":{"rendered":"<p><img loading=\"lazy\" decoding=\"async\" class=\"alignnone wp-image-29764 size-full\" src=\"http:\/\/www.yungayino.cl\/noticias\/wp-content\/uploads\/2023\/10\/salud-nuble-1.jpg\" alt=\"\" width=\"700\" height=\"350\" srcset=\"https:\/\/www.yungayino.cl\/noticias\/wp-content\/uploads\/2023\/10\/salud-nuble-1.jpg 700w, https:\/\/www.yungayino.cl\/noticias\/wp-content\/uploads\/2023\/10\/salud-nuble-1-300x150.jpg 300w\" sizes=\"auto, (max-width: 700px) 100vw, 700px\" \/><\/p>\n<p style=\"text-align: justify;\">\u00d1uble, octubre 2023: Una inversi\u00f3n que alcanza los $22.274 millones en materia de salud, ha realizado los \u00faltimos dos a\u00f1os el Gobierno Regional de \u00d1uble, en proyectos como la adquisici\u00f3n de equipamiento cr\u00edtico para el Hospital Cl\u00ednico Herminda Mart\u00edn, o la conservaci\u00f3n de su Unidad de Emergencia, o el mam\u00f3grafo para el Hospital Comunitario de Salud Familiar de Quirihue, por mencionar algunas iniciativas.<\/p>\n<p style=\"text-align: justify;\">Con motivo de la celebraci\u00f3n del D\u00eda del Hospital, el Gobernador \u00d3scar Cris\u00f3stomo, detall\u00f3 los proyectos que han sido destinados a apoyar la labor de estos recintos de salud, a trav\u00e9s de infraestructura, equipamiento y especializaci\u00f3n, a los que se suman tambi\u00e9n iniciativas para los Centros de Salud Familiar y las postas rurales.<\/p>\n<p style=\"text-align: justify;\">Durante la ceremonia que se realiz\u00f3 en el Hospital de Chill\u00e1n, el Gobernador se\u00f1al\u00f3 que \u201choy en el d\u00eda de los hospitales, podemos mirar a la cara a quienes hacen posible que una salud m\u00e1s cercana y resolutiva, que son los trabajadores y trabajadoras de los servicios de salud, pues hemos puesto mucho esfuerzo y recursos para poder mejorar la infraestructura. En equipamiento de salud, de hecho, nuestra inversi\u00f3n alcanza a cerca de los 22 mil millones de pesos, pero finalmente son quienes trabajan en los hospitales, quienes se han transformado en nuestros principales aliados para tener una atenci\u00f3n m\u00e1s cercana y oportuna y en eso creo que hay que reconocer el esfuerzo y la vocaci\u00f3n que tiene, los trabajadores de salud, hecho que nos permite ir mejorando nuestros indicadores y dar m\u00e1s tranquilidad a la comunidad\u201d.<\/p>\n<p style=\"text-align: justify;\">Asimismo, la directora del Hospital, Luz Mar\u00eda Mor\u00e1n, sostuvo que \u201cen los pr\u00f3ximos a\u00f1os contaremos con el so\u00f1ado Hospital Regional, que ya vemos imponente con un 67 % de avance, pero no podemos detener el progreso del Herminda Mart\u00edn, ampliando las prestaciones para hacer una transici\u00f3n que asegure la continuidad del servicio. Seguimos sin pausar las inversiones\u201d. En esa l\u00ednea, dijo, \u201ccerraremos este a\u00f1o poniendo a disposici\u00f3n equipamiento e infraestructura por m\u00e1s de 2.000 millones de pesos, para la atenci\u00f3n oncol\u00f3gica, quir\u00fargica y servicios de apoyo, con un fuerte aporte del Gobierno Regional. La \u00faltima fase de esta inversi\u00f3n, ya est\u00e1 aprobada por el Gobierno Regional de \u00d1uble por cerca de 800 millones y considera mejoras en el Centro Ambulatorio de Especialidades,\u00a0 psiquiatr\u00eda, lavander\u00eda, esterilizaci\u00f3n; adem\u00e1s de acondicionar las principales zonas de tr\u00e1nsito de nuestro hospital\u201d.<\/p>\n<p style=\"text-align: justify;\"><strong>Infraestructura y equipamiento<\/strong><\/p>\n<p style=\"text-align: justify;\">Entre los proyectos financiados por el Gobierno Regional en materia de salud que se encuentran en ejecuci\u00f3n o con convenio suscrito para comenzar a ejecutar, se encuentran la adquisici\u00f3n de equipamiento y complejizaci\u00f3n de camas y servicios de urgencia Covid 19; el equipo de rayos osteopulmonar digital para el Cesfam Michelle Chand\u00eda de Coihueco; la reposici\u00f3n del mam\u00f3grafo y ec\u00f3grafo mamario del Hospital de San Carlos; o las ambulancias APS para el Servicio de Salud \u00d1uble.<\/p>\n<p style=\"text-align: justify;\">Respecto a las iniciativas para infraestructura en la salud primaria, est\u00e1n los proyectos como obras de centros de Salud Familiar tenemos el caso de la reposici\u00f3n del Cesfam Federico Puga Borne de Chill\u00e1n Viejo; de Pinto; de San Gregorio; de San Fabi\u00e1n de Alico. Tambi\u00e9n en la atenci\u00f3n de salud rural, ha existido financiamiento para el mejoramiento y ampliaci\u00f3n del Posta de Salud Rural de Monte Blanco en San Carlos y la reposici\u00f3n de la posta de Vegas de Itata en Coelemu o la adquisici\u00f3n de una camioneta para el departamento de salud en R\u00e1nquil. Adem\u00e1s del programa de reducci\u00f3n de listas de espera quir\u00fargica \u201cMil Cirug\u00edas para \u00d1uble\u201d y la Capacitaci\u00f3n de 100 M\u00e9dicos Especialistas para la Red Asistencial de \u00d1uble.<\/p>\n<p style=\"text-align: justify;\">En la Regi\u00f3n de \u00d1uble hay siete hospitales dependientes del Servicio de Salud: el Hospital Cl\u00ednico Herminda Mart\u00edn de Chill\u00e1n, el Hospital de San Carlos y cinco Hospitales Comunitarios de Salud Familiar ubicados en las comunas de Bulnes, El Carmen, Quirihue, Coelemu y <strong>Yungay<\/strong>.<\/p>\n","protected":false},"excerpt":{"rendered":"<p>\u00d1uble, octubre 2023: Una inversi\u00f3n que alcanza los $22.274 millones en materia de salud, ha realizado los \u00faltimos dos a\u00f1os el Gobierno Regional de \u00d1uble, en proyectos como la adquisici\u00f3n de equipamiento cr\u00edtico para&#46;&#46;&#46;<\/p>\n","protected":false},"author":2,"featured_media":29764,"comment_status":"closed","ping_status":"closed","sticky":false,"template":"","format":"standard","meta":{"footnotes":""},"categories":[3,1,1675,1676,32,2567],"tags":[31,440,1115,65,8,6,117],"class_list":["post-29761","post","type-post","status-publish","format-standard","has-post-thumbnail","hentry","category-actualidad","category-noticias","category-saludc","category-salud","category-servicios","category-social","tag-campanario","tag-cesfam","tag-noticias","tag-salud","tag-yungay","tag-yungayino","tag-yungayinocl"],"_links":{"self":[{"href":"https:\/\/www.yungayino.cl\/noticias\/index.php?rest_route=\/wp\/v2\/posts\/29761","targetHints":{"allow":["GET"]}}],"collection":[{"href":"https:\/\/www.yungayino.cl\/noticias\/index.php?rest_route=\/wp\/v2\/posts"}],"about":[{"href":"https:\/\/www.yungayino.cl\/noticias\/index.php?rest_route=\/wp\/v2\/types\/post"}],"author":[{"embeddable":true,"href":"https:\/\/www.yungayino.cl\/noticias\/index.php?rest_route=\/wp\/v2\/users\/2"}],"replies":[{"embeddable":true,"href":"https:\/\/www.yungayino.cl\/noticias\/index.php?rest_route=%2Fwp%2Fv2%2Fcomments&post=29761"}],"version-history":[{"count":2,"href":"https:\/\/www.yungayino.cl\/noticias\/index.php?rest_route=\/wp\/v2\/posts\/29761\/revisions"}],"predecessor-version":[{"id":29765,"href":"https:\/\/www.yungayino.cl\/noticias\/index.php?rest_route=\/wp\/v2\/posts\/29761\/revisions\/29765"}],"wp:featuredmedia":[{"embeddable":true,"href":"https:\/\/www.yungayino.cl\/noticias\/index.php?rest_route=\/wp\/v2\/media\/29764"}],"wp:attachment":[{"href":"https:\/\/www.yungayino.cl\/noticias\/index.php?rest_route=%2Fwp%2Fv2%2Fmedia&parent=29761"}],"wp:term":[{"taxonomy":"category","embeddable":true,"href":"https:\/\/www.yungayino.cl\/noticias\/index.php?rest_route=%2Fwp%2Fv2%2Fcategories&post=29761"},{"taxonomy":"post_tag","embeddable":true,"href":"https:\/\/www.yungayino.cl\/noticias\/index.php?rest_route=%2Fwp%2Fv2%2Ftags&post=29761"}],"curies":[{"name":"wp","href":"https:\/\/api.w.org\/{rel}","templated":true}]}}