{"id":29768,"date":"2023-10-14T12:35:57","date_gmt":"2023-10-14T16:35:57","guid":{"rendered":"http:\/\/www.yungayino.cl\/noticias\/?p=29768"},"modified":"2023-10-14T12:39:22","modified_gmt":"2023-10-14T16:39:22","slug":"128-familias-de-yungay-cumplen-el-sueno-de-la-casa-propia-en-villa-republica","status":"publish","type":"post","link":"https:\/\/www.yungayino.cl\/noticias\/?p=29768","title":{"rendered":"128 Familias de Yungay Cumplen el Sue\u00f1o de la Casa Propia en Villa Rep\u00fablica"},"content":{"rendered":"<p><img loading=\"lazy\" decoding=\"async\" class=\"alignnone wp-image-29769 size-full\" src=\"http:\/\/www.yungayino.cl\/noticias\/wp-content\/uploads\/2023\/10\/casas-villarepublica.jpg\" alt=\"\" width=\"700\" height=\"350\" srcset=\"https:\/\/www.yungayino.cl\/noticias\/wp-content\/uploads\/2023\/10\/casas-villarepublica.jpg 700w, https:\/\/www.yungayino.cl\/noticias\/wp-content\/uploads\/2023\/10\/casas-villarepublica-300x150.jpg 300w\" sizes=\"auto, (max-width: 700px) 100vw, 700px\" \/><\/p>\n<p style=\"text-align: justify;\"><strong>Yungay, octubre 2023<\/strong>: Con alegr\u00eda y mucha emoci\u00f3n, 128 Familias de Yungay de la Villa Rep\u00fablica, cumplieron el sue\u00f1o de la casa propia al recibir las llaves de sus nuevas viviendas la ma\u00f1ana de este viernes 13 de octubre en una emotiva ceremonia que reuni\u00f3 a los beneficiarios y a autoridades lideradas por el alcalde Rafael Cifuentes, la Senadora Loreto Carvajal, el Seremi de Vivienda, Antonio Marchant, el Director Regional de SERVIU, Roberto Grand\u00f3n y los Concejales Patricia Moncada, Gonzalo Rojas, Berta Cid, Julio N\u00fa\u00f1ez, Fernando Cabezas y Ricardo Ramos<\/p>\n<p style=\"text-align: justify;\">El Seremi de Vivienda, <strong>Antonio Marchant<\/strong>, se dirigi\u00f3 a las familias con palabras de apoyo y reconocimiento, destacando el esfuerzo y perseverancia de las l\u00edderes del comit\u00e9 y subrayando el apoyo constante de las autoridades locales. En su discurso, Marchant tambi\u00e9n resalt\u00f3 el trabajo en materia de la vivienda en Yungay, destacando la inauguraci\u00f3n de 124 hogares en septiembre y la construcci\u00f3n de 240 viviendas en Campanario, junto con 150 viviendas bajo el programa de sitio residente, adem\u00e1s, anunci\u00f3 la pr\u00f3xima construcci\u00f3n de 248 viviendas en Villa Jard\u00edn Ega\u00f1a y la puesta en marcha del Programa \u201cQuiero Mi Barrio en la Comuna.\u201d<\/p>\n<p style=\"text-align: justify;\">Por su parte el alcalde <strong>Rafael Cifuentes Rodr\u00edguez<\/strong> estaba evidentemente emocionado durante la ceremonia y se dirigi\u00f3 a los asistentes con un discurso lleno de alegr\u00eda y satisfacci\u00f3n. Felicit\u00f3 a los l\u00edderes del comit\u00e9 y a todas las familias que finalmente recibieron las llaves de sus hogares, adem\u00e1s los invit\u00f3 a vivir en comunidad y comparti\u00f3 su felicidad al ver c\u00f3mo estas familias se convierten en propietarias de sus casas, un hito que ha sido un largo camino de sue\u00f1os y esfuerzo.<\/p>\n<p style=\"text-align: justify;\">Finalmente la Presidente del Comit\u00e9, <strong>Patricia Riquelme<\/strong>, emocionada, expres\u00f3: \u00abDespu\u00e9s de muchos a\u00f1os, hoy finalmente estamos cumpliendo nuestros sue\u00f1os. Enfrentamos numerosos desaf\u00edos, incluida la pandemia, pero con el apoyo de las autoridades y los miembros del comit\u00e9, pudimos sacar adelante este proyecto\u00bb.<\/p>\n<p>&nbsp;<\/p>\n<p style=\"text-align: center;\">FOTOGRAF\u00cdAS<\/p>\n<p style=\"text-align: center;\"><iframe loading=\"lazy\" style=\"border: none; overflow: hidden;\" src=\"https:\/\/www.facebook.com\/plugins\/post.php?href=https%3A%2F%2Fwww.facebook.com%2Fyungayino.cl%2Fposts%2Fpfbid0QcjPYLqmStot4GacArw6MfvYco8pdZkAFVM9weN2NDh5qVGK69ykeAGoCmfCzjN5l&amp;show_text=true&amp;width=500\" width=\"500\" height=\"748\" frameborder=\"0\" scrolling=\"no\" allowfullscreen=\"allowfullscreen\"><\/iframe><\/p>\n","protected":false},"excerpt":{"rendered":"<p>Yungay, octubre 2023: Con alegr\u00eda y mucha emoci\u00f3n, 128 Familias de Yungay de la Villa Rep\u00fablica, cumplieron el sue\u00f1o de la casa propia al recibir las llaves de sus nuevas viviendas la ma\u00f1ana de&#46;&#46;&#46;<\/p>\n","protected":false},"author":2,"featured_media":29769,"comment_status":"closed","ping_status":"closed","sticky":false,"template":"","format":"standard","meta":{"footnotes":""},"categories":[3,1,2567],"tags":[2966,2016,1115,261,2061,8,6,117],"class_list":["post-29768","post","type-post","status-publish","format-standard","has-post-thumbnail","hentry","category-actualidad","category-noticias","category-social","tag-entrega-de-viviendas","tag-minvu","tag-noticias","tag-serviu","tag-villa-republica","tag-yungay","tag-yungayino","tag-yungayinocl"],"_links":{"self":[{"href":"https:\/\/www.yungayino.cl\/noticias\/index.php?rest_route=\/wp\/v2\/posts\/29768","targetHints":{"allow":["GET"]}}],"collection":[{"href":"https:\/\/www.yungayino.cl\/noticias\/index.php?rest_route=\/wp\/v2\/posts"}],"about":[{"href":"https:\/\/www.yungayino.cl\/noticias\/index.php?rest_route=\/wp\/v2\/types\/post"}],"author":[{"embeddable":true,"href":"https:\/\/www.yungayino.cl\/noticias\/index.php?rest_route=\/wp\/v2\/users\/2"}],"replies":[{"embeddable":true,"href":"https:\/\/www.yungayino.cl\/noticias\/index.php?rest_route=%2Fwp%2Fv2%2Fcomments&post=29768"}],"version-history":[{"count":2,"href":"https:\/\/www.yungayino.cl\/noticias\/index.php?rest_route=\/wp\/v2\/posts\/29768\/revisions"}],"predecessor-version":[{"id":29771,"href":"https:\/\/www.yungayino.cl\/noticias\/index.php?rest_route=\/wp\/v2\/posts\/29768\/revisions\/29771"}],"wp:featuredmedia":[{"embeddable":true,"href":"https:\/\/www.yungayino.cl\/noticias\/index.php?rest_route=\/wp\/v2\/media\/29769"}],"wp:attachment":[{"href":"https:\/\/www.yungayino.cl\/noticias\/index.php?rest_route=%2Fwp%2Fv2%2Fmedia&parent=29768"}],"wp:term":[{"taxonomy":"category","embeddable":true,"href":"https:\/\/www.yungayino.cl\/noticias\/index.php?rest_route=%2Fwp%2Fv2%2Fcategories&post=29768"},{"taxonomy":"post_tag","embeddable":true,"href":"https:\/\/www.yungayino.cl\/noticias\/index.php?rest_route=%2Fwp%2Fv2%2Ftags&post=29768"}],"curies":[{"name":"wp","href":"https:\/\/api.w.org\/{rel}","templated":true}]}}