{"id":29772,"date":"2023-10-13T19:14:36","date_gmt":"2023-10-13T23:14:36","guid":{"rendered":"http:\/\/www.yungayino.cl\/noticias\/?p=29772"},"modified":"2023-10-15T10:18:07","modified_gmt":"2023-10-15T14:18:07","slug":"plan-accion-de-cambio-climatico-entra-en-su-recta-final-con-ultimos-talleres-para-su-elaboracion","status":"publish","type":"post","link":"https:\/\/www.yungayino.cl\/noticias\/?p=29772","title":{"rendered":"Plan Acci\u00f3n de Cambio Clim\u00e1tico entra en su recta final con \u00faltimos talleres para su elaboraci\u00f3n"},"content":{"rendered":"<p><img loading=\"lazy\" decoding=\"async\" class=\"alignnone wp-image-29773 size-full\" src=\"http:\/\/www.yungayino.cl\/noticias\/wp-content\/uploads\/2023\/10\/plan-accion.jpg\" alt=\"\" width=\"700\" height=\"349\" srcset=\"https:\/\/www.yungayino.cl\/noticias\/wp-content\/uploads\/2023\/10\/plan-accion.jpg 700w, https:\/\/www.yungayino.cl\/noticias\/wp-content\/uploads\/2023\/10\/plan-accion-300x150.jpg 300w\" sizes=\"auto, (max-width: 700px) 100vw, 700px\" \/><\/p>\n<p class=\"x_MsoListParagraph\"><span lang=\"ES\">\u2022 <\/span><i><span lang=\"ES\">El seremi del Medio Ambiente de \u00d1uble invit\u00f3 al sector privado y a la comunidad a participar de los pr\u00f3ximos talleres abiertos a realizarse el pr\u00f3ximo martes 17 y mi\u00e9rcoles 18 de octubre respectivamente.<\/span><\/i><\/p>\n<p class=\"x_MsoNormal\" style=\"text-align: justify;\">Los esfuerzos de la SEREMI del Medio Ambiente de \u00d1uble por identificar los principales desaf\u00edos y avances regionales en torno a la mitigaci\u00f3n del cambio clim\u00e1tico han tenido resultados positivos y est\u00e1n llegando a su etapa final.<\/p>\n<p class=\"x_MsoNormal\" style=\"text-align: justify;\">Es por ello que el seremi del Medio Ambiente de \u00d1uble, Mario Rivas, invit\u00f3 a la ciudadan\u00eda y al sector privado a participar de los \u00faltimos talleres abiertos para el dise\u00f1o de una serie de medidas consideradas en el anteproyecto del Plan de Acci\u00f3n Regional de Cambio Clim\u00e1tico (PARCC) a elaborarse en diciembre.<\/p>\n<p class=\"x_MsoNormal\" style=\"text-align: justify;\">En definitiva, el d\u00eda martes 17 de octubre el sector privado tendr\u00e1 un papel protag\u00f3nico cuando se re\u00fana para revisar las principales fuentes de emisiones de gases de efecto invernadero e identificar iniciativas para contrarrestar los efectos de este tipo de emanaciones. Lo mismo har\u00e1 la ciudadan\u00eda cuando el mi\u00e9rcoles 18 contin\u00fae su an\u00e1lisis sobre el impacto y adaptaci\u00f3n al cambio clim\u00e1tico y conozca los principales resultados del taller de diagn\u00f3stico de vulnerabilidad realizado previamente.<\/p>\n<p class=\"x_MsoNormal\" style=\"text-align: justify;\">Para el Delegado Presidencial Regional de \u00d1uble, Gabriel Pradenas Sandoval, \u201cestos talleres abiertos han sido valiosos para alcanzar los desaf\u00edos mandatados por el Presidente Gabriel Boric en temas tan importantes como el cambio clim\u00e1tico, lo que, sin duda, permitir\u00e1 construir resiliencia clim\u00e1tica para el a\u00f1o 2050 como se establece en la Ley Marco de Cambio Clim\u00e1tico\u201d.<\/p>\n<p class=\"x_MsoNormal\" style=\"text-align: justify;\">\u201cLos territorios y rubros productivos de \u00d1uble presentan amplias vulnerabilidades frente al cambio clim\u00e1tico y podr\u00edan tener un an\u00e1lisis, reflexiones o propuestas que aborden esas dificultades, las cuales esperamos recoger en los talleres participativos. En este contexto, las empresas podr\u00e1n participar el martes 17 de octubre de 10:00 a 12:30 horas en dependencias de la C\u00e1mara Chilena de la Construcci\u00f3n de Chill\u00e1n, y la ciudadan\u00eda se reunir\u00e1 el mi\u00e9rcoles 18 de 14:30 a 17:30 horas en el segundo piso de la Municipalidad de San Carlos\u00bb, se\u00f1al\u00f3 el seremi del Medio Ambiente, Mario Rivas Pe\u00f1a.<\/p>\n<p class=\"x_MsoNormal\" style=\"text-align: justify;\">El enlace de inscripci\u00f3n para el sector privado es\u00a0<a href=\"https:\/\/bit.ly\/3er_Taller_PARCC\" target=\"_blank\" rel=\"noopener noreferrer\" data-auth=\"NotApplicable\" data-linkindex=\"0\">https:\/\/bit.ly\/3er_Taller_PARCC<\/a>\u00a0y para la comunidad\u00a0<a href=\"https:\/\/bit.ly\/4to_Taller_PARCC,\" target=\"_blank\" rel=\"noopener noreferrer\" data-auth=\"NotApplicable\" data-linkindex=\"1\">https:\/\/bit.ly\/4to_Taller_PARCC,<\/a>\u00a0donde deber\u00e1n ingresar los datos requeridos para su posterior participaci\u00f3n.<\/p>\n<p class=\"x_MsoNormal\" style=\"text-align: justify;\">Cabe destacar que, como primera instancia, se identificaron problem\u00e1ticas relacionadas con la disponibilidad h\u00eddrica asociada a la agricultura y el turismo, la p\u00e9rdida de suelos agr\u00edcolas, incendios forestales, afectaci\u00f3n a los ecosistemas y a las cadenas de producci\u00f3n de alimentos, inundaciones por desbordes de r\u00edos y marejadas en el sector costero, p\u00e9rdida de viviendas y equipamientos por eventos clim\u00e1ticos extremos, lo que propone desaf\u00edos importantes para la elaboraci\u00f3n del\u00a0anteproyecto del Plan de Acci\u00f3n Regional de Cambio Clim\u00e1tico (PARCC).<\/p>\n","protected":false},"excerpt":{"rendered":"<p>\u2022 El seremi del Medio Ambiente de \u00d1uble invit\u00f3 al sector privado y a la comunidad a participar de los pr\u00f3ximos talleres abiertos a realizarse el pr\u00f3ximo martes 17 y mi\u00e9rcoles 18 de octubre&#46;&#46;&#46;<\/p>\n","protected":false},"author":2,"featured_media":29773,"comment_status":"closed","ping_status":"closed","sticky":false,"template":"","format":"standard","meta":{"footnotes":""},"categories":[3,1,2567],"tags":[2813,2968,2967,2146],"class_list":["post-29772","post","type-post","status-publish","format-standard","has-post-thumbnail","hentry","category-actualidad","category-noticias","category-social","tag-cambio-climatico","tag-parcc","tag-plan-de-accion-regional-de-cambio-climatico","tag-region-del-nuble"],"_links":{"self":[{"href":"https:\/\/www.yungayino.cl\/noticias\/index.php?rest_route=\/wp\/v2\/posts\/29772","targetHints":{"allow":["GET"]}}],"collection":[{"href":"https:\/\/www.yungayino.cl\/noticias\/index.php?rest_route=\/wp\/v2\/posts"}],"about":[{"href":"https:\/\/www.yungayino.cl\/noticias\/index.php?rest_route=\/wp\/v2\/types\/post"}],"author":[{"embeddable":true,"href":"https:\/\/www.yungayino.cl\/noticias\/index.php?rest_route=\/wp\/v2\/users\/2"}],"replies":[{"embeddable":true,"href":"https:\/\/www.yungayino.cl\/noticias\/index.php?rest_route=%2Fwp%2Fv2%2Fcomments&post=29772"}],"version-history":[{"count":1,"href":"https:\/\/www.yungayino.cl\/noticias\/index.php?rest_route=\/wp\/v2\/posts\/29772\/revisions"}],"predecessor-version":[{"id":29774,"href":"https:\/\/www.yungayino.cl\/noticias\/index.php?rest_route=\/wp\/v2\/posts\/29772\/revisions\/29774"}],"wp:featuredmedia":[{"embeddable":true,"href":"https:\/\/www.yungayino.cl\/noticias\/index.php?rest_route=\/wp\/v2\/media\/29773"}],"wp:attachment":[{"href":"https:\/\/www.yungayino.cl\/noticias\/index.php?rest_route=%2Fwp%2Fv2%2Fmedia&parent=29772"}],"wp:term":[{"taxonomy":"category","embeddable":true,"href":"https:\/\/www.yungayino.cl\/noticias\/index.php?rest_route=%2Fwp%2Fv2%2Fcategories&post=29772"},{"taxonomy":"post_tag","embeddable":true,"href":"https:\/\/www.yungayino.cl\/noticias\/index.php?rest_route=%2Fwp%2Fv2%2Ftags&post=29772"}],"curies":[{"name":"wp","href":"https:\/\/api.w.org\/{rel}","templated":true}]}}