{"id":29828,"date":"2023-10-21T14:18:38","date_gmt":"2023-10-21T18:18:38","guid":{"rendered":"http:\/\/www.yungayino.cl\/noticias\/?p=29828"},"modified":"2023-10-21T14:18:38","modified_gmt":"2023-10-21T18:18:38","slug":"gobierno-regional-realizo-seminario-donde-abordo-la-gestion-de-emergencias-para-los-equipos-municipales-de-nuble","status":"publish","type":"post","link":"https:\/\/www.yungayino.cl\/noticias\/?p=29828","title":{"rendered":"Gobierno Regional realiz\u00f3 seminario donde abord\u00f3 la gesti\u00f3n de emergencias para los equipos municipales de \u00d1uble"},"content":{"rendered":"<p><img loading=\"lazy\" decoding=\"async\" class=\"alignnone size-full wp-image-29829\" src=\"http:\/\/www.yungayino.cl\/noticias\/wp-content\/uploads\/2023\/10\/gestion-emergencia.jpg\" alt=\"\" width=\"700\" height=\"350\" srcset=\"https:\/\/www.yungayino.cl\/noticias\/wp-content\/uploads\/2023\/10\/gestion-emergencia.jpg 700w, https:\/\/www.yungayino.cl\/noticias\/wp-content\/uploads\/2023\/10\/gestion-emergencia-300x150.jpg 300w\" sizes=\"auto, (max-width: 700px) 100vw, 700px\" \/><\/p>\n<p>\u2022 <em>La jornada se enmarca dentro del Plan Integral de Prevenci\u00f3n y Combate de Incendios Forestales, anunciado hace pocas semanas por el Gobernador Cris\u00f3stomo. <\/em><em>\u00a0<\/em><\/p>\n<ul>\n<li><em>Cont\u00f3 con la participaci\u00f3n del experto y asesor en Emergency Management, Michel De L\u2019 Herbe; quien expuso el tema \u201cGesti\u00f3n de Emergencias y Gobernanza\u201d; la sic\u00f3loga del Minsal, Paz Anguita, quien present\u00f3 sobre la importancia de la salud mental en las crisis y el ge\u00f3grafo Marcelo Lagos, especialista en procesos naturales extremos.<\/em><\/li>\n<\/ul>\n<p style=\"text-align: justify;\">Con la participaci\u00f3n de expertos nacionales, el Gobierno Regional realiz\u00f3 el seminario \u201cHerramientas para la Gesti\u00f3n de Emergencias en \u00d1uble\u201d, que estaba especialmente dirigido a los encargados comunales de emergencias de cada uno de los 21 municipios, adem\u00e1s de dirigentes sociales. La instancia se enmarca dentro del Plan Integral de Prevenci\u00f3n y Combate de Incendios Forestales, anunciado hace pocos d\u00edas por el Gobernador de \u00d1uble, \u00d3scar Cris\u00f3stomo.<\/p>\n<p style=\"text-align: justify;\">Entre los relatores estuvo Michel De L\u2019 Herbe, consultor independiente y asesor en Emergency Management, que expuso sobre \u201cGesti\u00f3n de Emergencias y Gobernanza\u201d; tambi\u00e9n particip\u00f3 la psic\u00f3loga del Ministerio de Salud, Paz Anguita, que desarroll\u00f3 el tema \u201cSalud Mental: Apoyo a la comunidad en situaciones de emergencias\u201d. En la jornada de la tarde, la atenci\u00f3n estuvo centrada en el ge\u00f3grafo Marcelo Lagos, quien habl\u00f3 sobre la \u201cImportancia de la Preparaci\u00f3n en el Ciclo de la Gesti\u00f3n de Riesgo\u201d.<\/p>\n<p style=\"text-align: justify;\">Al respecto, el Gobernador Cris\u00f3stomo, record\u00f3 que dentro del plan anunciado hace un par de semanas \u201cque involucra a varias instituciones: Conaf, Corma, Bomberos, municipios, se consider\u00f3 un proceso de fortalecimiento de la prevenci\u00f3n ante las emergencias, estamos cumpliendo una de las actividades propuestas, que era reunirnos con los encargados de emergencia de las 21 comunas de \u00d1uble, para fortalecer su capacidad en el marco de la emergencia y la respuesta que deben tener. Nos acompa\u00f1aron expertos nacionales en la materia, que est\u00e1n dando luces del fen\u00f3meno que hemos vivido y tambi\u00e9n c\u00f3mo responder mejor ante las situaciones, entendiendo que las emergencias que se generan, siempre son emergencias sociales, que afectan a nuestras comunidades y, sobre eso, tenemos que tener una preparaci\u00f3n previa, y estar atentos al combate.<\/p>\n<p style=\"text-align: justify;\">Desde el Gobierno Regional, afirm\u00f3 Cris\u00f3stomo, \u201cestamos asumiendo este trabajo para poder cuidar a nuestras comunidades, estar mucho mejor preparados, pero tambi\u00e9n invitar a nuestros vecinos y vecinas, a tener la preparaci\u00f3n necesaria frente a fen\u00f3menos naturales que est\u00e1n ocurriendo y se transforman en fen\u00f3menos sociales que da\u00f1an, no solamente a la persona, sino que tambi\u00e9n a la producci\u00f3n de nuestra regi\u00f3n\u201d.<\/p>\n<p style=\"text-align: justify;\"><strong>Comunidad organizada <\/strong><\/p>\n<p style=\"text-align: justify;\">Por su parte, el asesor Michel De L\u2019 Herbe, destac\u00f3 tres l\u00edneas de este seminario \u201cprimero que ver con hacerlo ahora, porque este es un proceso que no se ha detenido desde el verano, y que ha habido esfuerzos por empezar a prepararse, me parece valorable, pero tambi\u00e9n me parece muy importante que lo haga el Gobierno Regional, porque es una instituci\u00f3n joven, nueva que, desde mi punto de vista, es la que tiene m\u00e1s futuro en t\u00e9rminos de la gesti\u00f3n de emergencias\u201d.\u00a0 En segundo lugar, agreg\u00f3, \u201cestamos en octubre, para el caso de esta regi\u00f3n, es un buen momento para generar una mayor atenci\u00f3n (\u2026) podr\u00edamos pensar que lo obvio es tener una situaci\u00f3n compleja alrededor de diciembre, si es que se adelanta, y en enero a\u00fan m\u00e1s, por lo que es un buen momento para sensibilizar a la comunidad que estaba presente\u201d. Finalmente, coment\u00f3, la tercera l\u00ednea tiene que ver con \u201chaber podido abordar contenido que al menos permitan conocer la experiencia internacional y hacer un esfuerzo por refrescar con una asistencia muy amplia, eso permite traer la experiencia, orientarla a la regi\u00f3n con la participaci\u00f3n de actores de todos los niveles donde pudimos hacer una puesta en valor de lo que tiene que ver con la comunidad organizada y entrenada y el rol de los municipios y del Gobierno Regional\u201d.<\/p>\n<p style=\"text-align: justify;\">Asimismo, Paz Anguita, relev\u00f3 la importancia de la salud mental en las emergencias, y sostuvo que \u201ces importante reconocer que hay grupos que est\u00e1n en una situaci\u00f3n de mayor vulnerabilidad y para eso tenemos que estar muy atentos para poder acompa\u00f1ar y atender sus necesidades. Los desastres tienden a exacerbar problemas que estaban pendientes o velados, que se agudizan en situaciones de crisis, situaciones de violencia, de exclusi\u00f3n, grupos que ya ten\u00edan una salud relativamente afectada y que pueden ser m\u00e1s vulnerable frente a la crisis, por lo tanto, tenemos que buscar f\u00f3rmulas para trabajar colaborativamente para proteger la salud mental de las comunidades\u201d.<\/p>\n<p style=\"text-align: justify;\"><strong>Niveles de exposici\u00f3n<\/strong><\/p>\n<p style=\"text-align: justify;\">En tanto el ge\u00f3grafo Marcelo Lagos, calific\u00f3 como sustantiva la actividad \u201cparticularmente despu\u00e9s de lo que ocurri\u00f3 con los sistemas frontales que nos revelaron los altos niveles de exposici\u00f3n y fragilidad de una extensa proporci\u00f3n de nuestros territorios. Octubre es un mes muy adecuado porque en el mundo entero, es el mes para la reducci\u00f3n del riesgo de desastre y esa reducci\u00f3n no se logra si no hacemos gesti\u00f3n. Este seminario se inserta en ello, que es la parte pol\u00edtica de c\u00f3mo hacemos esa bajada de la reducci\u00f3n de riesgo a los territorios\u201d.<\/p>\n<p style=\"text-align: justify;\">En ese sentido, Lagos a\u00f1adi\u00f3 que \u201cChile en el \u00faltimo tiempo ha sido bombardeado por una serie de escenarios complejos que tensionan el habitar y que ponen en jaque gran parte de la administraci\u00f3n de las comunas, de los territorios, de las personas, pero particularmente de los habitantes m\u00e1s precarios que habitan en gran parte de nuestras regiones. Y bien sabemos que la realidad del \u00d1uble tiene sus complejidades, pero tambi\u00e9n tiene sus ventajas comparativas en el entendido de que se est\u00e1 construyendo un camino que busca claramente fortalecer resiliencia, fortalecer capacidades y yo vengo a hablar justamente de eso\u201d.<\/p>\n<p style=\"text-align: justify;\">\n","protected":false},"excerpt":{"rendered":"<p>\u2022 La jornada se enmarca dentro del Plan Integral de Prevenci\u00f3n y Combate de Incendios Forestales, anunciado hace pocas semanas por el Gobernador Cris\u00f3stomo. \u00a0 Cont\u00f3 con la participaci\u00f3n del experto y asesor en&#46;&#46;&#46;<\/p>\n","protected":false},"author":1,"featured_media":29829,"comment_status":"closed","ping_status":"closed","sticky":false,"template":"","format":"standard","meta":{"footnotes":""},"categories":[3,14,2567],"tags":[869,128,2991,1479,8],"class_list":["post-29828","post","type-post","status-publish","format-standard","has-post-thumbnail","hentry","category-actualidad","category-historia","category-social","tag-gobierno-regional","tag-incendios-forestales","tag-plan-integral-de-prevencion-y-combate-de-incendios-forestales","tag-regional","tag-yungay"],"_links":{"self":[{"href":"https:\/\/www.yungayino.cl\/noticias\/index.php?rest_route=\/wp\/v2\/posts\/29828","targetHints":{"allow":["GET"]}}],"collection":[{"href":"https:\/\/www.yungayino.cl\/noticias\/index.php?rest_route=\/wp\/v2\/posts"}],"about":[{"href":"https:\/\/www.yungayino.cl\/noticias\/index.php?rest_route=\/wp\/v2\/types\/post"}],"author":[{"embeddable":true,"href":"https:\/\/www.yungayino.cl\/noticias\/index.php?rest_route=\/wp\/v2\/users\/1"}],"replies":[{"embeddable":true,"href":"https:\/\/www.yungayino.cl\/noticias\/index.php?rest_route=%2Fwp%2Fv2%2Fcomments&post=29828"}],"version-history":[{"count":2,"href":"https:\/\/www.yungayino.cl\/noticias\/index.php?rest_route=\/wp\/v2\/posts\/29828\/revisions"}],"predecessor-version":[{"id":29831,"href":"https:\/\/www.yungayino.cl\/noticias\/index.php?rest_route=\/wp\/v2\/posts\/29828\/revisions\/29831"}],"wp:featuredmedia":[{"embeddable":true,"href":"https:\/\/www.yungayino.cl\/noticias\/index.php?rest_route=\/wp\/v2\/media\/29829"}],"wp:attachment":[{"href":"https:\/\/www.yungayino.cl\/noticias\/index.php?rest_route=%2Fwp%2Fv2%2Fmedia&parent=29828"}],"wp:term":[{"taxonomy":"category","embeddable":true,"href":"https:\/\/www.yungayino.cl\/noticias\/index.php?rest_route=%2Fwp%2Fv2%2Fcategories&post=29828"},{"taxonomy":"post_tag","embeddable":true,"href":"https:\/\/www.yungayino.cl\/noticias\/index.php?rest_route=%2Fwp%2Fv2%2Ftags&post=29828"}],"curies":[{"name":"wp","href":"https:\/\/api.w.org\/{rel}","templated":true}]}}