{"id":29839,"date":"2023-10-23T21:55:16","date_gmt":"2023-10-24T01:55:16","guid":{"rendered":"http:\/\/www.yungayino.cl\/noticias\/?p=29839"},"modified":"2023-10-24T11:58:35","modified_gmt":"2023-10-24T15:58:35","slug":"region-de-nuble-se-une-al-desafio-de-reunir-a-100-mil-familias-reciclando-en-todo-el-pais","status":"publish","type":"post","link":"https:\/\/www.yungayino.cl\/noticias\/?p=29839","title":{"rendered":"Regi\u00f3n de \u00d1uble se une al desaf\u00edo de reunir a 100 mil familias reciclando en todo el pa\u00eds"},"content":{"rendered":"<p><img loading=\"lazy\" decoding=\"async\" class=\"alignnone size-full wp-image-29840\" src=\"http:\/\/www.yungayino.cl\/noticias\/wp-content\/uploads\/2023\/10\/desafio-reciclaje.jpg\" alt=\"\" width=\"700\" height=\"350\" srcset=\"https:\/\/www.yungayino.cl\/noticias\/wp-content\/uploads\/2023\/10\/desafio-reciclaje.jpg 700w, https:\/\/www.yungayino.cl\/noticias\/wp-content\/uploads\/2023\/10\/desafio-reciclaje-300x150.jpg 300w\" sizes=\"auto, (max-width: 700px) 100vw, 700px\" \/><\/p>\n<p>\u2022 <em>La iniciativa, que se desarrollar\u00e1 desde el 24 de octubre hasta el 11 de noviembre, considera la recolecci\u00f3n de envases pl\u00e1sticos PET 1, tanto de bebidas, jugos y aguas de todas las marcas y formatos, sin distinci\u00f3n.<\/em><\/p>\n<p style=\"text-align: justify;\">En el marco de la <strong>Telet\u00f3n 2023<\/strong> a realizarse este 10 y 11 de noviembre, la Seremi del Medio Ambiente, junto a la Gobernaci\u00f3n Regional de \u00d1uble, Fundaci\u00f3n Telet\u00f3n, CCU y 19 municipalidades de la regi\u00f3n, realizaron el <strong>lanzamiento de la campa\u00f1a \u201cTarea Telet\u00f3n #ModoBilzYPap\u201d<\/strong>, que busca reunir a cien mil familias para recolectar la mayor cantidad de botellas desechables (PET1) para reciclar a lo largo del pa\u00eds, lo que se traducir\u00e1 en un aporte monetario de la empresa CCU S.A y otros objetos de material reciclado para la Fundaci\u00f3n Telet\u00f3n.<\/p>\n<p style=\"text-align: justify;\">En la regi\u00f3n de \u00d1uble las comunas adheridas a la campa\u00f1a son Chillan, Chillan Viejo, Bulnes, El Carmen, Pemuco, Quill\u00f3n, San Ignacio, Yungay, San Carlos, Coihueco; \u00d1iqu\u00e9n, San Fabi\u00e1n, San Nicol\u00e1s, Quirihue, Cobquecura, Coelemu, Portezuelo, R\u00e1nquil y Trehuaco, quienes en total habilitar\u00e1n 31 puntos de reciclaje a lo largo de la regi\u00f3n, teniendo como lugares de recepci\u00f3n final los gestores locales de reciclaje como Reciclick de Quirihue, C.recicla de San Carlos, SOANDRE de Pemuco y el Punto Limpio de Chillan.<\/p>\n<p style=\"text-align: justify;\">Tamara Valenzuela Fuentealba, Gobernadora Regional (s) de \u00d1uble, se\u00f1al\u00f3 que \u201cdesde el Gobierno Regional hace m\u00e1s de dos a\u00f1os que estamos comprometidos con esta hermosa causa. Recordemos que pr\u00f3ximamente tendremos una sede de Fundaci\u00f3n Telet\u00f3n en \u00d1uble, por lo tanto, estamos con la camiseta puesta y agradecemos a todos quienes participar\u00e1n, incluyendo los 19 municipios que se suman a esta gran causa solidaria de amor y a los voluntarios Telet\u00f3n\u201d.<\/p>\n<p style=\"text-align: justify;\">Por su parte, el Delegado Presidencial Regional de \u00d1uble, Gabriel Pradenas Sandoval, a\u00f1adi\u00f3 que \u201cesta campa\u00f1a de Telet\u00f3n es clave para educar y convocar a los chilenos y, sobre todo, a las familias de \u00d1uble a reciclar y reutilizar sus botellas pl\u00e1sticas ayudando al cuidado del medio ambiente. En este contexto, como Gobierno sabemos que este es un rol que todos debemos desempe\u00f1ar y que, junto a la comunidad, podremos generar el cambio que necesitamos y contribuir con esta noble causa que une a todos los chilenos\u201d.<\/p>\n<p style=\"text-align: justify;\">En tanto, el seremi del Medio Ambiente de \u00d1uble, Mario Rivas Pe\u00f1a, sostuvo: \u201cInvitamos a todas las familias de \u00d1uble a sumarse a esta campa\u00f1a realizada junto a CCU y recicladores locales, la que nos permitir\u00e1 avanzar junto a la Fundaci\u00f3n Telet\u00f3n con un aporte concreto a trav\u00e9s del reciclaje, para fortalecer el cuidado de ni\u00f1os, j\u00f3venes y adultos. Adem\u00e1s, destacar que este a\u00f1o se suman cinco municipios lo que hace total de 19 municipalidades adheridas a esta causa. Por lo tanto, junto a la ayuda de todas y todos, esperamos superar la meta de 4.300 kilos reciclados el a\u00f1o pasado y llegar a 6 mil kilos de botellas desechables este 2023\u201d.<\/p>\n<p style=\"text-align: justify;\">Cabe destacar que el pl\u00e1stico representa uno de los mayores contaminantes tanto del suelo como del agua, da\u00f1a la biodiversidad y compromete la existencia de la flora y fauna, afectando finalmente, al ser humano ya que es en el oc\u00e9ano donde se produce el 50% del ox\u00edgeno del planeta. Es por eso que la Seremi del Medio Ambiente convoc\u00f3 a todos los \u00d1ublensinos a unirse a esta campa\u00f1a por la solidaridad, inclusi\u00f3n, y el medio ambiente.<\/p>\n","protected":false},"excerpt":{"rendered":"<p>\u2022 La iniciativa, que se desarrollar\u00e1 desde el 24 de octubre hasta el 11 de noviembre, considera la recolecci\u00f3n de envases pl\u00e1sticos PET 1, tanto de bebidas, jugos y aguas de todas las marcas&#46;&#46;&#46;<\/p>\n","protected":false},"author":1,"featured_media":29840,"comment_status":"closed","ping_status":"closed","sticky":false,"template":"","format":"standard","meta":{"footnotes":""},"categories":[3,1,2567],"tags":[2994,2995,2996,289,2997,8],"class_list":["post-29839","post","type-post","status-publish","format-standard","has-post-thumbnail","hentry","category-actualidad","category-noticias","category-social","tag-desafio","tag-pet","tag-tarea-teleton-modobilzypap","tag-teleton","tag-teleton-2023","tag-yungay"],"_links":{"self":[{"href":"https:\/\/www.yungayino.cl\/noticias\/index.php?rest_route=\/wp\/v2\/posts\/29839","targetHints":{"allow":["GET"]}}],"collection":[{"href":"https:\/\/www.yungayino.cl\/noticias\/index.php?rest_route=\/wp\/v2\/posts"}],"about":[{"href":"https:\/\/www.yungayino.cl\/noticias\/index.php?rest_route=\/wp\/v2\/types\/post"}],"author":[{"embeddable":true,"href":"https:\/\/www.yungayino.cl\/noticias\/index.php?rest_route=\/wp\/v2\/users\/1"}],"replies":[{"embeddable":true,"href":"https:\/\/www.yungayino.cl\/noticias\/index.php?rest_route=%2Fwp%2Fv2%2Fcomments&post=29839"}],"version-history":[{"count":1,"href":"https:\/\/www.yungayino.cl\/noticias\/index.php?rest_route=\/wp\/v2\/posts\/29839\/revisions"}],"predecessor-version":[{"id":29841,"href":"https:\/\/www.yungayino.cl\/noticias\/index.php?rest_route=\/wp\/v2\/posts\/29839\/revisions\/29841"}],"wp:featuredmedia":[{"embeddable":true,"href":"https:\/\/www.yungayino.cl\/noticias\/index.php?rest_route=\/wp\/v2\/media\/29840"}],"wp:attachment":[{"href":"https:\/\/www.yungayino.cl\/noticias\/index.php?rest_route=%2Fwp%2Fv2%2Fmedia&parent=29839"}],"wp:term":[{"taxonomy":"category","embeddable":true,"href":"https:\/\/www.yungayino.cl\/noticias\/index.php?rest_route=%2Fwp%2Fv2%2Fcategories&post=29839"},{"taxonomy":"post_tag","embeddable":true,"href":"https:\/\/www.yungayino.cl\/noticias\/index.php?rest_route=%2Fwp%2Fv2%2Ftags&post=29839"}],"curies":[{"name":"wp","href":"https:\/\/api.w.org\/{rel}","templated":true}]}}