{"id":29864,"date":"2023-10-30T18:50:09","date_gmt":"2023-10-30T22:50:09","guid":{"rendered":"http:\/\/www.yungayino.cl\/noticias\/?p=29864"},"modified":"2023-10-30T18:50:09","modified_gmt":"2023-10-30T22:50:09","slug":"fondo-concursable-yo-emprendo-yungay-2023","status":"publish","type":"post","link":"https:\/\/www.yungayino.cl\/noticias\/?p=29864","title":{"rendered":"Fondo Concursable: \u00abYo Emprendo Yungay, 2023\u00bb"},"content":{"rendered":"<p><img loading=\"lazy\" decoding=\"async\" class=\"alignnone size-full wp-image-29865\" src=\"http:\/\/www.yungayino.cl\/noticias\/wp-content\/uploads\/2023\/10\/postulacion_emprendo.jpg\" alt=\"\" width=\"700\" height=\"350\" srcset=\"https:\/\/www.yungayino.cl\/noticias\/wp-content\/uploads\/2023\/10\/postulacion_emprendo.jpg 700w, https:\/\/www.yungayino.cl\/noticias\/wp-content\/uploads\/2023\/10\/postulacion_emprendo-300x150.jpg 300w\" sizes=\"auto, (max-width: 700px) 100vw, 700px\" \/><\/p>\n<section class=\"elementor-section elementor-top-section elementor-element elementor-element-6b795c1a elementor-section-full_width elementor-section-height-min-height elementor-section-items-stretch elementor-section-content-middle elementor-section-height-default\" data-id=\"6b795c1a\" data-element_type=\"section\">\n<div class=\"elementor-container elementor-column-gap-no\">\n<div class=\"elementor-column elementor-col-50 elementor-top-column elementor-element elementor-element-2d035c64\" data-id=\"2d035c64\" data-element_type=\"column\" data-settings=\"{&quot;background_background&quot;:&quot;classic&quot;}\">\n<div class=\"elementor-widget-wrap elementor-element-populated\">\n<div class=\"elementor-element elementor-element-72e6237c elementor-widget elementor-widget-spacer\" data-id=\"72e6237c\" data-element_type=\"widget\" data-widget_type=\"spacer.default\">\n<div class=\"elementor-widget-container\">\n<div class=\"elementor-spacer\"><\/div>\n<\/div>\n<\/div>\n<\/div>\n<\/div>\n<\/div>\n<\/section>\n<section class=\"elementor-section elementor-top-section elementor-element elementor-element-62fdc6b7 elementor-section-boxed elementor-section-height-default elementor-section-height-default\" data-id=\"62fdc6b7\" data-element_type=\"section\">\n<div class=\"elementor-container elementor-column-gap-no\">\n<div class=\"elementor-column elementor-col-100 elementor-top-column elementor-element elementor-element-86aee5d\" data-id=\"86aee5d\" data-element_type=\"column\">\n<div class=\"elementor-widget-wrap elementor-element-populated\">\n<div class=\"elementor-element elementor-element-4c910b58 elementor-widget elementor-widget-theme-post-content\" data-id=\"4c910b58\" data-element_type=\"widget\" data-widget_type=\"theme-post-content.default\">\n<div class=\"elementor-widget-container\">\n<p class=\"has-text-align-justify\" style=\"text-align: justify;\">La Universidad Cat\u00f3lica de la Sant\u00edsima Concepci\u00f3n y la Ilustre Municipalidad de Yungay, tienen el agrado de invitar a las y los habitantes de la comuna de Yungay a participar en la 5TA Versi\u00f3n del <strong>Fondo Concursable \u201cYo Emprendo en Yungay, 2023\u201d,<\/strong> iniciativa creada con el fin de fortalecer y aumentar el desarrollo de las actividades de fomento productivo, aportando cofinanciamiento y formaci\u00f3n.<\/p>\n<p class=\"has-text-align-justify\" style=\"text-align: justify;\">Emprendimiento es \u201caquella fuerza que inspira a una persona a renunciar a la seguridad que le podr\u00eda proveer un empleo en una empresa establecida, para tratar de crear algo nuevo de la nada, demostrando habilidad y capacidad para identificar nuevas \u00e1reas de negocios, gestionando recursos propios y disponibles en el entorno, logrando perseverar, permitiendo el logro de las metas propuestas\u201d.<\/p>\n<p class=\"has-text-align-justify\" style=\"text-align: justify;\">\u201cYo Emprendo en Yungay, 2023\u201d es un programa desarrollado en conjunto por la Universidad Cat\u00f3lica de la\u00a0 Sant\u00edsima Concepci\u00f3n y la Ilustre Municipalidad de Yungay, el cual tiene por objetivo promover y financiar proyectos de negocios de personas con residencia demostrable en la comuna de Yungay y que presenten las mejores iniciativas de emprendimiento y\/o de fortalecimiento de la \u00a0microempresa.<\/p>\n<p style=\"text-align: justify;\">Los recursos del presente subsidio no reembolsable se distribuir\u00e1n en tres \u00e1reas:<\/p>\n<ul>\n<li class=\"has-text-align-justify\" style=\"text-align: justify;\">\u00c1REA EMPRENDIMIENTO: con un aporte m\u00e1ximo de $350.000 (trecientos cincuenta mil pesos) sin tope de n\u00famero de proyectos, sino hasta completar la asignaci\u00f3n de los recursos disponibles.<\/li>\n<li class=\"has-text-align-justify\" style=\"text-align: justify;\">\u00c1REA MICROEMPRESA: con un aporte m\u00e1ximo de $350.000 (trecientos cincuenta mil pesos) sin tope de n\u00famero de proyectos, sino hasta completar la asignaci\u00f3n de los recursos disponibles.<\/li>\n<li class=\"has-text-align-justify\" style=\"text-align: justify;\">\u00c1REA PMJH: con un aporte m\u00e1ximo de $350.000 (trecientos cincuenta mil pesos) para usuarias del Programa Mujeres Jefas de Hogar, independiente del \u00e1rea de emprendimiento o microempresa seleccionada para postular (con tope hasta 6 proyectos).<\/li>\n<\/ul>\n<p>Archivos descargables;<\/p>\n<ul>\n<li><a href=\"https:\/\/www.yungay.cl\/wp-content\/uploads\/2023\/10\/Bases-Yo-emprendo-Yungay-2023-1.pdf\">Bases Fondo Concursable<\/a><\/li>\n<li><a href=\"https:\/\/www.yungay.cl\/wp-content\/uploads\/2023\/10\/Instrumento-Plan-de-negocio-YEY-2023-1.pdf\">Instrumento Plan de Negocios<\/a><\/li>\n<li><a href=\"https:\/\/www.yungay.cl\/wp-content\/uploads\/2023\/10\/Anexo-No1-Emprendedor-1.pdf\">Anexo 1<\/a><\/li>\n<li><a href=\"https:\/\/www.yungay.cl\/wp-content\/uploads\/2023\/10\/Anexo-No2-Microempresario-1.pdf\">Anexo 2<\/a><\/li>\n<\/ul>\n<p>&nbsp;<\/p>\n<\/div>\n<\/div>\n<\/div>\n<\/div>\n<\/div>\n<\/section>\n","protected":false},"excerpt":{"rendered":"<p>La Universidad Cat\u00f3lica de la Sant\u00edsima Concepci\u00f3n y la Ilustre Municipalidad de Yungay, tienen el agrado de invitar a las y los habitantes de la comuna de Yungay a participar en la 5TA Versi\u00f3n&#46;&#46;&#46;<\/p>\n","protected":false},"author":1,"featured_media":29865,"comment_status":"closed","ping_status":"closed","sticky":false,"template":"","format":"standard","meta":{"footnotes":""},"categories":[3,1,2567],"tags":[3008,1948,3007,1517,8,6,117],"class_list":["post-29864","post","type-post","status-publish","format-standard","has-post-thumbnail","hentry","category-actualidad","category-noticias","category-social","tag-emprendimientos","tag-fondo-concursable","tag-yo-emprendo","tag-yo-emprendo-en-yungay","tag-yungay","tag-yungayino","tag-yungayinocl"],"_links":{"self":[{"href":"https:\/\/www.yungayino.cl\/noticias\/index.php?rest_route=\/wp\/v2\/posts\/29864","targetHints":{"allow":["GET"]}}],"collection":[{"href":"https:\/\/www.yungayino.cl\/noticias\/index.php?rest_route=\/wp\/v2\/posts"}],"about":[{"href":"https:\/\/www.yungayino.cl\/noticias\/index.php?rest_route=\/wp\/v2\/types\/post"}],"author":[{"embeddable":true,"href":"https:\/\/www.yungayino.cl\/noticias\/index.php?rest_route=\/wp\/v2\/users\/1"}],"replies":[{"embeddable":true,"href":"https:\/\/www.yungayino.cl\/noticias\/index.php?rest_route=%2Fwp%2Fv2%2Fcomments&post=29864"}],"version-history":[{"count":1,"href":"https:\/\/www.yungayino.cl\/noticias\/index.php?rest_route=\/wp\/v2\/posts\/29864\/revisions"}],"predecessor-version":[{"id":29866,"href":"https:\/\/www.yungayino.cl\/noticias\/index.php?rest_route=\/wp\/v2\/posts\/29864\/revisions\/29866"}],"wp:featuredmedia":[{"embeddable":true,"href":"https:\/\/www.yungayino.cl\/noticias\/index.php?rest_route=\/wp\/v2\/media\/29865"}],"wp:attachment":[{"href":"https:\/\/www.yungayino.cl\/noticias\/index.php?rest_route=%2Fwp%2Fv2%2Fmedia&parent=29864"}],"wp:term":[{"taxonomy":"category","embeddable":true,"href":"https:\/\/www.yungayino.cl\/noticias\/index.php?rest_route=%2Fwp%2Fv2%2Fcategories&post=29864"},{"taxonomy":"post_tag","embeddable":true,"href":"https:\/\/www.yungayino.cl\/noticias\/index.php?rest_route=%2Fwp%2Fv2%2Ftags&post=29864"}],"curies":[{"name":"wp","href":"https:\/\/api.w.org\/{rel}","templated":true}]}}