{"id":29893,"date":"2023-11-10T17:56:54","date_gmt":"2023-11-10T20:56:54","guid":{"rendered":"https:\/\/www.yungayino.cl\/noticias\/?p=29893"},"modified":"2023-11-10T17:56:54","modified_gmt":"2023-11-10T20:56:54","slug":"ministra-de-obras-publicas-y-gobernador-de-nuble-anuncian-el-inicio-de-proceso-de-licitacion-de-las-obras-para-el-centro-teleton-de-chillan","status":"publish","type":"post","link":"https:\/\/www.yungayino.cl\/noticias\/?p=29893","title":{"rendered":"Ministra De Obras P\u00fablicas Y Gobernador De \u00d1uble Anuncian El Inicio De Proceso De Licitaci\u00f3n De Las Obras Para El Centro Telet\u00f3n De Chill\u00e1n"},"content":{"rendered":"<p><img loading=\"lazy\" decoding=\"async\" class=\"alignnone size-full wp-image-29894\" src=\"https:\/\/www.yungayino.cl\/noticias\/wp-content\/uploads\/2023\/11\/instituto-teleton.jpg\" alt=\"\" width=\"700\" height=\"350\" srcset=\"https:\/\/www.yungayino.cl\/noticias\/wp-content\/uploads\/2023\/11\/instituto-teleton.jpg 700w, https:\/\/www.yungayino.cl\/noticias\/wp-content\/uploads\/2023\/11\/instituto-teleton-300x150.jpg 300w\" sizes=\"auto, (max-width: 700px) 100vw, 700px\" \/><\/p>\n<p><em>\u2022\u00a0 <i>En la antesala de la cruzada de solidaridad, ambas autoridades firmaron adem\u00e1s un \u201cAcuerdo de Colaboraci\u00f3n T\u00e9cnica\u201d para llevar un trabajo colaborativo que permita sacar adelante el proyecto financiado por el Gobierno Regional de \u00d1uble y q<\/i>ue beneficiar\u00e1 a cerca de mil familias que hoy requieren de un tratamiento de rehabilitaci\u00f3n.\u00a0<\/em><\/p>\n<p style=\"text-align: justify;\"><strong>Regional, noviembre de 2023<\/strong>; Un d\u00eda muy significativo para la inclusi\u00f3n en \u00d1uble se vivi\u00f3 esta ma\u00f1ana, donde el Gobernador Regional, \u00d3scar Cris\u00f3stomo, junto a la Ministra de Obras P\u00fablicas, Jessica L\u00f3pez, anunciaron que se subi\u00f3 a la plataforma de Mercado P\u00fablico, la licitaci\u00f3n de la construcci\u00f3n del Centro Telet\u00f3n de Chill\u00e1n, que estar\u00e1 emplazado en el terreno del ex Grupo Escolar, en la esquina de las Avenidas Argentina con Coll\u00edn.<\/p>\n<p style=\"text-align: justify;\">Durante la ceremonia que cont\u00f3 con la presencia de alcaldes, consejeros y consejeras regionales, concejales de la comuna de Chill\u00e1n y representantes de la Fundaci\u00f3n Telet\u00f3n, ambas autoridades firmaron adem\u00e1s un Acuerdo de Colaboraci\u00f3n T\u00e9cnica, que consigna un compromiso de trabajo, entre el Gobierno Regional de \u00d1uble y el Ministerio de Obras P\u00fablicas, para lograr desde sus competencias espec\u00edficas, la construcci\u00f3n del primer instituto de rehabilitaci\u00f3n en \u00d1uble.<\/p>\n<p style=\"text-align: justify;\">Junto con\u00a0 destacar la visita de la ministra a la regi\u00f3n de \u00d1uble, en un d\u00eda donde el pa\u00eds se une en una cruzada de solidaridad, el Gobernador Cris\u00f3stomo anunci\u00f3 que \u201c<strong>desde las 9 de la ma\u00f1ana ya est\u00e1 en Mercado P\u00fablico, la licitaci\u00f3n para la construcci\u00f3n del Centro Telet\u00f3n<\/strong>\u201d y especific\u00f3 que \u201ces una obra que hemos trabajado con ah\u00ednco desde el Gobierno Regional para poder sacar adelante, que beneficiar\u00e1 a cerca de mil familias que actualmente se tienen que trasladar a otras regiones para ser atendidos; es una obra de m\u00e1s de 9 mil millones de pesos que han sido aprobados por los consejeros y consejeras regionales, y que ha implicado un esfuerzo mancomunado con otras instituciones. En eso quiero agradecer al alcalde de Chill\u00e1n, Camilo Benavente, y a cada uno de los concejales de la comuna, que pusieron a disposici\u00f3n un tremendo terreno que nos va a permitir la construcci\u00f3n de este centro de rehabilitaci\u00f3n\u201d.<\/p>\n<p style=\"text-align: justify;\">Respecto a los pasos a seguir, expuso que \u201c<strong>queda por delante aproximadamente 40 d\u00edas, que estar\u00e1 publicada la licitaci\u00f3n para ver las ofertas que se van a presentar, y como lo hemos manifestado una y otra vez, esperamos el 2024 ya estar construyendo el Centro Telet\u00f3n en nuestra regi\u00f3n<\/strong>\u201d.<\/p>\n<p style=\"text-align: justify;\"><strong>Rol del MOP<\/strong><\/p>\n<p style=\"text-align: justify;\">Sobre la labor del Ministerio de Obras P\u00fablicas en este proyecto, la ministra Jessica L\u00f3pez explic\u00f3 que \u201c<strong>es una cartera que entre sus diversas funciones ha asumido la construcci\u00f3n de centros de la Telet\u00f3n a lo largo de todo Chile. Hace dos semanas inauguramos el Centro Telet\u00f3n de Arica, tambi\u00e9n est\u00e1 en proceso la Telet\u00f3n en Rancagua, el que ya deber\u00eda iniciar pronto las obras. Nos alegra participar, ser los que construimos estos centros, porque sabemos el significado que tienen para un porcentaje bien importante de la poblaci\u00f3n<\/strong>\u201d.<\/p>\n<p style=\"text-align: justify;\">Al mismo tiempo la Jefa de la Cartera, coment\u00f3 que la elecci\u00f3n del d\u00eda para iniciar el proceso de licitaci\u00f3n fue \u201cpara relevar el sentido que tienen los Centros de la Telet\u00f3n en nuestro pa\u00eds y el rol que juega nuestro ministerio en este caso\u201d.<\/p>\n<p style=\"text-align: justify;\">Por su parte, Mauricio Arrext, quien es Gerente de Infraestructura y Tecnolog\u00eda de Telet\u00f3n, agradeci\u00f3 el apoyo de la regi\u00f3n, del Gobernador y de la Ministra y destac\u00f3 que \u201c<strong>ha sido un trabajo s\u00faper fluido, y estamos muy contentos de poder decir a la comunidad que vamos a tener un instituto en la ciudad de Chill\u00e1n, y adem\u00e1s de agradecer, motivar a toda la comunidad a que nos ayuden hoy d\u00eda y ma\u00f1ana en la Telet\u00f3n; este es un a\u00f1o muy desafiante, requerimos muchos recursos en los nuevos institutos que se tienen que financiar con el mismo evento, por lo tanto, tenemos que redoblar los esfuerzos por que vamos a tener m\u00e1s gastos asociados a m\u00e1s institutos y la rehabilitaci\u00f3n no puede parar porque como todos sabemos la Telet\u00f3n es todos los d\u00edas y ahora es tambi\u00e9n en Chill\u00e1n<\/strong>\u201d.<\/p>\n<p style=\"text-align: justify;\">\n","protected":false},"excerpt":{"rendered":"<p>\u2022\u00a0 En la antesala de la cruzada de solidaridad, ambas autoridades firmaron adem\u00e1s un \u201cAcuerdo de Colaboraci\u00f3n T\u00e9cnica\u201d para llevar un trabajo colaborativo que permita sacar adelante el proyecto financiado por el Gobierno Regional&#46;&#46;&#46;<\/p>\n","protected":false},"author":1,"featured_media":29894,"comment_status":"closed","ping_status":"closed","sticky":false,"template":"","format":"standard","meta":{"footnotes":""},"categories":[3,1,2567],"tags":[3024,3022,3023,3021],"class_list":["post-29893","post","type-post","status-publish","format-standard","has-post-thumbnail","hentry","category-actualidad","category-noticias","category-social","tag-centro-teleton-de-chillan","tag-gobierno-regional-nuble","tag-instituto-teleton-nuble","tag-teleten"],"_links":{"self":[{"href":"https:\/\/www.yungayino.cl\/noticias\/index.php?rest_route=\/wp\/v2\/posts\/29893","targetHints":{"allow":["GET"]}}],"collection":[{"href":"https:\/\/www.yungayino.cl\/noticias\/index.php?rest_route=\/wp\/v2\/posts"}],"about":[{"href":"https:\/\/www.yungayino.cl\/noticias\/index.php?rest_route=\/wp\/v2\/types\/post"}],"author":[{"embeddable":true,"href":"https:\/\/www.yungayino.cl\/noticias\/index.php?rest_route=\/wp\/v2\/users\/1"}],"replies":[{"embeddable":true,"href":"https:\/\/www.yungayino.cl\/noticias\/index.php?rest_route=%2Fwp%2Fv2%2Fcomments&post=29893"}],"version-history":[{"count":1,"href":"https:\/\/www.yungayino.cl\/noticias\/index.php?rest_route=\/wp\/v2\/posts\/29893\/revisions"}],"predecessor-version":[{"id":29895,"href":"https:\/\/www.yungayino.cl\/noticias\/index.php?rest_route=\/wp\/v2\/posts\/29893\/revisions\/29895"}],"wp:featuredmedia":[{"embeddable":true,"href":"https:\/\/www.yungayino.cl\/noticias\/index.php?rest_route=\/wp\/v2\/media\/29894"}],"wp:attachment":[{"href":"https:\/\/www.yungayino.cl\/noticias\/index.php?rest_route=%2Fwp%2Fv2%2Fmedia&parent=29893"}],"wp:term":[{"taxonomy":"category","embeddable":true,"href":"https:\/\/www.yungayino.cl\/noticias\/index.php?rest_route=%2Fwp%2Fv2%2Fcategories&post=29893"},{"taxonomy":"post_tag","embeddable":true,"href":"https:\/\/www.yungayino.cl\/noticias\/index.php?rest_route=%2Fwp%2Fv2%2Ftags&post=29893"}],"curies":[{"name":"wp","href":"https:\/\/api.w.org\/{rel}","templated":true}]}}