{"id":29896,"date":"2023-11-11T15:10:12","date_gmt":"2023-11-11T18:10:12","guid":{"rendered":"https:\/\/www.yungayino.cl\/noticias\/?p=29896"},"modified":"2023-11-11T15:17:52","modified_gmt":"2023-11-11T18:17:52","slug":"oficina-municipal-de-discapacidad-de-yungay-cumple-5-meses-con-mas-de-100-usuarios-atendidos","status":"publish","type":"post","link":"https:\/\/www.yungayino.cl\/noticias\/?p=29896","title":{"rendered":"Oficina Municipal De Discapacidad De Yungay Cumple 5 Meses, Con M\u00e1s De 100 Usuarios Atendidos"},"content":{"rendered":"<p><img loading=\"lazy\" decoding=\"async\" class=\"alignnone size-full wp-image-29897\" src=\"https:\/\/www.yungayino.cl\/noticias\/wp-content\/uploads\/2023\/11\/oficina-discapacidad.jpg\" alt=\"\" width=\"700\" height=\"350\" srcset=\"https:\/\/www.yungayino.cl\/noticias\/wp-content\/uploads\/2023\/11\/oficina-discapacidad.jpg 700w, https:\/\/www.yungayino.cl\/noticias\/wp-content\/uploads\/2023\/11\/oficina-discapacidad-300x150.jpg 300w\" sizes=\"auto, (max-width: 700px) 100vw, 700px\" \/><\/p>\n<p style=\"text-align: justify;\"><strong>Yungay, noviembre de 2023<\/strong>; Como exitoso, as\u00ed se ha catalogado el trabajo que realiza la Oficina Municipal de Discapacidad, a cargo de la profesional Fridam Cartes Molina.<\/p>\n<p style=\"text-align: justify;\">Hasta la fecha, se han atendido a 103 usuarios y usuarias de nuestra comuna, desde ni\u00f1os, ni\u00f1as, adolescentes, adultos y personas mayores, en la gesti\u00f3n de ayudas t\u00e9cnicas, tales como catres cl\u00ednicos y colch\u00f3n antiescaras. Adem\u00e1s, se han gestionado solicitudes de credencial de discapacidad, apoyo en postulaci\u00f3n de bonos y beneficios estatales, solicitud de pensiones, entrega de pa\u00f1ales, leche y materiales did\u00e1cticos. Sumado a aquellos, se han realizado innumerables visitas domiciliarias para constatar informaci\u00f3n social de familias, as\u00ed como realizar coordinaciones con SENADIS \u00d1uble y Telet\u00f3n.<\/p>\n<p style=\"text-align: justify;\">Del mismo modo, se han realizado diversas charlas informativas hacia Colegios, Juntas de Vecinos, Consejo de desarrollo del Hospital de Yungay, funcionarios\/as de Dpto. de Educaci\u00f3n Municipal, entre otros. Tambi\u00e9n nuestro equipo ha participado en reuniones de agrupaciones de discapacidad y agrupaciones TEA de la comuna. Hemos sido activos colaboradores para llevar a cabo mesas intersectoriales de salud y educaci\u00f3n de nuestra comuna, adem\u00e1s de mesa intersectorial regional, la cual se realiza en la ciudad de Chill\u00e1n, contando con la participaci\u00f3n de diversas agrupaciones y profesionales enfocados en dar visibilidad y soluci\u00f3n a problem\u00e1ticas de discapacidad, resolver inquietudes y gestionar solicitudes que cada persona con discapacidad requiere en nuestra comuna.<\/p>\n<p style=\"text-align: justify;\">En la actualidad, la Oficina Municipal de Discapacidad, se encuentra realizando un catastro comunal de todas las personas que presentan una condici\u00f3n de discapacidad, para mantener comunicaci\u00f3n constante sobre sus inquietudes. En este proceso, se ha observado un alto porcentaje de discapacidad f\u00edsica, auditiva, visual, e intelectual, donde gran parte de las personas que presentan esta condici\u00f3n, se encuentran con el rol de cuidador de familiares o c\u00f3nyuges que se encuentran con dependencia (postrados).<\/p>\n<p style=\"text-align: justify;\">Para el alcalde de Yungay, Rafael Cifuentes Rodr\u00edguez, \u00ab<strong>esta oficina, que ha sido impulsada por nuestra administraci\u00f3n, es porque entendemos que debemos trabajar con mayor \u00e9nfasis por las personas con discapacidad. Sabemos que su realidad social es muy dif\u00edcil, y diferente, por eso tenemos que tratar de nivelar un poquito la cancha<\/strong>\u00ab.<\/p>\n<p style=\"text-align: justify;\">La profesional a cargo de la Oficina Municipal de Discapacidad, se encuentra atendiendo todos los d\u00edas a usuarios\/as, as\u00ed como gestionando un trabajo de apoyo a la comunidad.<\/p>\n<p style=\"text-align: center;\">FOTOGRAF\u00cdAS | Oficina Municipal De Discapacidad De Yungay Cumple 5 Meses, Con M\u00e1s De 100 Usuarios Atendidos<\/p>\n<p style=\"text-align: center;\"><iframe loading=\"lazy\" style=\"border: none; overflow: hidden;\" src=\"https:\/\/www.facebook.com\/plugins\/post.php?href=https%3A%2F%2Fwww.facebook.com%2Fyungayino.cl%2Fposts%2Fpfbid06CzxxZTxqpts51Ng9QfaEwr6MSZ6utLmrwyn7WbBY2qMn7GdMu2eHGXNuAXj3U5Xl&amp;show_text=true&amp;width=500\" width=\"500\" height=\"793\" frameborder=\"0\" scrolling=\"no\" allowfullscreen=\"allowfullscreen\"><\/iframe><\/p>\n<p style=\"text-align: justify;\">\n","protected":false},"excerpt":{"rendered":"<p>Yungay, noviembre de 2023; Como exitoso, as\u00ed se ha catalogado el trabajo que realiza la Oficina Municipal de Discapacidad, a cargo de la profesional Fridam Cartes Molina. Hasta la fecha, se han atendido a&#46;&#46;&#46;<\/p>\n","protected":false},"author":1,"featured_media":29897,"comment_status":"closed","ping_status":"closed","sticky":false,"template":"","format":"standard","meta":{"footnotes":""},"categories":[2571,1,1675],"tags":[1478,3025,2531,8,6,117],"class_list":["post-29896","post","type-post","status-publish","format-standard","has-post-thumbnail","hentry","category-educacion-2","category-noticias","category-saludc","tag-municipalidad-de-yungay","tag-oficina-municipal-de-la-discapacidad","tag-senadis","tag-yungay","tag-yungayino","tag-yungayinocl"],"_links":{"self":[{"href":"https:\/\/www.yungayino.cl\/noticias\/index.php?rest_route=\/wp\/v2\/posts\/29896","targetHints":{"allow":["GET"]}}],"collection":[{"href":"https:\/\/www.yungayino.cl\/noticias\/index.php?rest_route=\/wp\/v2\/posts"}],"about":[{"href":"https:\/\/www.yungayino.cl\/noticias\/index.php?rest_route=\/wp\/v2\/types\/post"}],"author":[{"embeddable":true,"href":"https:\/\/www.yungayino.cl\/noticias\/index.php?rest_route=\/wp\/v2\/users\/1"}],"replies":[{"embeddable":true,"href":"https:\/\/www.yungayino.cl\/noticias\/index.php?rest_route=%2Fwp%2Fv2%2Fcomments&post=29896"}],"version-history":[{"count":2,"href":"https:\/\/www.yungayino.cl\/noticias\/index.php?rest_route=\/wp\/v2\/posts\/29896\/revisions"}],"predecessor-version":[{"id":29899,"href":"https:\/\/www.yungayino.cl\/noticias\/index.php?rest_route=\/wp\/v2\/posts\/29896\/revisions\/29899"}],"wp:featuredmedia":[{"embeddable":true,"href":"https:\/\/www.yungayino.cl\/noticias\/index.php?rest_route=\/wp\/v2\/media\/29897"}],"wp:attachment":[{"href":"https:\/\/www.yungayino.cl\/noticias\/index.php?rest_route=%2Fwp%2Fv2%2Fmedia&parent=29896"}],"wp:term":[{"taxonomy":"category","embeddable":true,"href":"https:\/\/www.yungayino.cl\/noticias\/index.php?rest_route=%2Fwp%2Fv2%2Fcategories&post=29896"},{"taxonomy":"post_tag","embeddable":true,"href":"https:\/\/www.yungayino.cl\/noticias\/index.php?rest_route=%2Fwp%2Fv2%2Ftags&post=29896"}],"curies":[{"name":"wp","href":"https:\/\/api.w.org\/{rel}","templated":true}]}}