{"id":29900,"date":"2023-11-13T13:07:37","date_gmt":"2023-11-13T16:07:37","guid":{"rendered":"https:\/\/www.yungayino.cl\/noticias\/?p=29900"},"modified":"2023-11-13T13:07:37","modified_gmt":"2023-11-13T16:07:37","slug":"alfabetizacion-digital-segegob-capacito-a-mas-de-30-dirigentes-sociales-en-yungay","status":"publish","type":"post","link":"https:\/\/www.yungayino.cl\/noticias\/?p=29900","title":{"rendered":"Alfabetizaci\u00f3n Digital: Segegob Capacit\u00f3 A M\u00e1s De 30 Dirigentes Sociales En Yungay"},"content":{"rendered":"<p><img loading=\"lazy\" decoding=\"async\" class=\"alignnone size-full wp-image-29901\" src=\"https:\/\/www.yungayino.cl\/noticias\/wp-content\/uploads\/2023\/11\/capacitacion-yungay.jpg\" alt=\"\" width=\"720\" height=\"340\" srcset=\"https:\/\/www.yungayino.cl\/noticias\/wp-content\/uploads\/2023\/11\/capacitacion-yungay.jpg 720w, https:\/\/www.yungayino.cl\/noticias\/wp-content\/uploads\/2023\/11\/capacitacion-yungay-300x142.jpg 300w, https:\/\/www.yungayino.cl\/noticias\/wp-content\/uploads\/2023\/11\/capacitacion-yungay-520x245.jpg 520w\" sizes=\"auto, (max-width: 720px) 100vw, 720px\" \/><\/p>\n<p style=\"text-align: justify;\">La Biblioteca P\u00fablica de la comuna de Yungay agrup\u00f3 a distintos dirigentes\/as sociales en el contexto de la Escuela de Formaci\u00f3n Social, la que tiene como objetivo entregar herramientas y apoyo a distintas organizaciones comunales. Esta jornada trat\u00f3 de un curso de Alfabetizaci\u00f3n Digital, el que va de la mano con el avance tecnol\u00f3gico y la necesidad de que los dirigentes est\u00e9n actualizados en esta \u00e1rea.<\/p>\n<p style=\"text-align: justify;\">\u00a0\u201c<strong>Para nosotros es muy importante que las y los dirigentes de Yungay y las 21 comunas de \u00d1uble, puedan estar cada vez m\u00e1s capacitados y fortalezcan sus herramientas en el rol social que cumplen para su comunidad. El trabajo que realiza la Divisi\u00f3n de Organizaciones Sociales es indispensable si queremos fortalecer a dirigentes e ir en pro de apoyar la sociedad civil<\/strong>\u201d, expres\u00f3 la Seremi de Gobierno Valentina Pradenas.<\/p>\n<p style=\"text-align: justify;\">A trav\u00e9s de la <strong>Divisi\u00f3n de Organizaciones Sociales (DOS)<\/strong>, se logr\u00f3 capacitar a m\u00e1s de 30 dirigentes de aquella comuna, quienes pudieron acceder a diversas herramientas y conocimientos para mejorar los procesos de comunicaci\u00f3n dentro de las organizaciones sociales, para as\u00ed poder acortar las brechas digitales y fortalecer sus capacidades de l\u00edderes sociales de la comuna.<\/p>\n<p style=\"text-align: justify;\">\u00a0\u201c<strong>Estamos muy conformes porque nos apoyaron un mont\u00f3n en esta capacitaci\u00f3n, ya que tenemos un grupo grande que no conoce muy bien la alfabetizaci\u00f3n digital. Por lo tanto agradecerle al Gobierno por esta iniciativa con la que vamos aprendiendo de a poco a manejarnos mejor en el celular<\/strong>\u201d, sostuvo Clementina Vel\u00e1squez, presidenta de Uni\u00f3n Comunal de Yungay.<\/p>\n<p style=\"text-align: justify;\">Cabe destacar que la <strong>Divisi\u00f3n de Organizaciones Sociales<\/strong> busca contribuir a hacer m\u00e1s eficientes estos mecanismos de vinculaci\u00f3n, interlocuci\u00f3n y comunicaci\u00f3n entre el Gobierno y sociedad civil, favoreciendo el fortalecimiento de las comunidades y teniendo como ejes principales propiciar y potenciar espacios de participaci\u00f3n que cuentan con una variada oferta program\u00e1tica.<\/p>\n<p>&nbsp;<\/p>\n","protected":false},"excerpt":{"rendered":"<p>La Biblioteca P\u00fablica de la comuna de Yungay agrup\u00f3 a distintos dirigentes\/as sociales en el contexto de la Escuela de Formaci\u00f3n Social, la que tiene como objetivo entregar herramientas y apoyo a distintas organizaciones&#46;&#46;&#46;<\/p>\n","protected":false},"author":1,"featured_media":29901,"comment_status":"closed","ping_status":"closed","sticky":false,"template":"","format":"standard","meta":{"footnotes":""},"categories":[3,1,2567],"tags":[3026,134,3028,3027,8,6,117],"class_list":["post-29900","post","type-post","status-publish","format-standard","has-post-thumbnail","hentry","category-actualidad","category-noticias","category-social","tag-alfabetizacion-digital","tag-biblioteca-publica","tag-division-de-organizaciones-sociales","tag-seremi-de-gobierno","tag-yungay","tag-yungayino","tag-yungayinocl"],"_links":{"self":[{"href":"https:\/\/www.yungayino.cl\/noticias\/index.php?rest_route=\/wp\/v2\/posts\/29900","targetHints":{"allow":["GET"]}}],"collection":[{"href":"https:\/\/www.yungayino.cl\/noticias\/index.php?rest_route=\/wp\/v2\/posts"}],"about":[{"href":"https:\/\/www.yungayino.cl\/noticias\/index.php?rest_route=\/wp\/v2\/types\/post"}],"author":[{"embeddable":true,"href":"https:\/\/www.yungayino.cl\/noticias\/index.php?rest_route=\/wp\/v2\/users\/1"}],"replies":[{"embeddable":true,"href":"https:\/\/www.yungayino.cl\/noticias\/index.php?rest_route=%2Fwp%2Fv2%2Fcomments&post=29900"}],"version-history":[{"count":1,"href":"https:\/\/www.yungayino.cl\/noticias\/index.php?rest_route=\/wp\/v2\/posts\/29900\/revisions"}],"predecessor-version":[{"id":29902,"href":"https:\/\/www.yungayino.cl\/noticias\/index.php?rest_route=\/wp\/v2\/posts\/29900\/revisions\/29902"}],"wp:featuredmedia":[{"embeddable":true,"href":"https:\/\/www.yungayino.cl\/noticias\/index.php?rest_route=\/wp\/v2\/media\/29901"}],"wp:attachment":[{"href":"https:\/\/www.yungayino.cl\/noticias\/index.php?rest_route=%2Fwp%2Fv2%2Fmedia&parent=29900"}],"wp:term":[{"taxonomy":"category","embeddable":true,"href":"https:\/\/www.yungayino.cl\/noticias\/index.php?rest_route=%2Fwp%2Fv2%2Fcategories&post=29900"},{"taxonomy":"post_tag","embeddable":true,"href":"https:\/\/www.yungayino.cl\/noticias\/index.php?rest_route=%2Fwp%2Fv2%2Ftags&post=29900"}],"curies":[{"name":"wp","href":"https:\/\/api.w.org\/{rel}","templated":true}]}}