{"id":29904,"date":"2023-11-17T19:47:23","date_gmt":"2023-11-17T22:47:23","guid":{"rendered":"https:\/\/www.yungayino.cl\/noticias\/?p=29904"},"modified":"2023-11-18T22:49:27","modified_gmt":"2023-11-19T01:49:27","slug":"yungay-y-san-nicolas-suman-canchas-deportivas-con-financiamiento-del-gobierno-regional","status":"publish","type":"post","link":"https:\/\/www.yungayino.cl\/noticias\/?p=29904","title":{"rendered":"Yungay y San Nicol\u00e1s Suman Canchas Deportivas Con Financiamiento Del Gobierno Regional"},"content":{"rendered":"<p><img loading=\"lazy\" decoding=\"async\" class=\"alignnone size-full wp-image-29905\" src=\"https:\/\/www.yungayino.cl\/noticias\/wp-content\/uploads\/2023\/11\/yungay-cancha.jpg\" alt=\"\" width=\"700\" height=\"350\" srcset=\"https:\/\/www.yungayino.cl\/noticias\/wp-content\/uploads\/2023\/11\/yungay-cancha.jpg 700w, https:\/\/www.yungayino.cl\/noticias\/wp-content\/uploads\/2023\/11\/yungay-cancha-300x150.jpg 300w\" sizes=\"auto, (max-width: 700px) 100vw, 700px\" \/><\/p>\n<ul>\n<li><em>Se trata de la inauguraci\u00f3n de la cancha de babyf\u00fatbol en el sector Trilaleo en Yungay y la firma de convenio para iniciar las obras de un espacio deportivo en el sector Lajuelas de San Nicol\u00e1s. Entre ambas, la inversi\u00f3n asciende a $457.212.000<\/em><\/li>\n<\/ul>\n<p>La infraestructura deportiva ha sido uno de los sellos de la gesti\u00f3n del Gobernador Regional, \u00d3scar Cris\u00f3stomo. A la inauguraci\u00f3n de la escuela Amanda Ch\u00e1vez de Quill\u00f3n, ocurrida esta semana, se sum\u00f3 la del sector Trilaleo de Yungay y la firma del convenio para la construcci\u00f3n de un nuevo espacio en el sector Lajuelas de San Nicol\u00e1s, que es parte del \u201cPlan 21 Canchas para \u00d1uble\u201d del Gobierno Regional.<\/p>\n<p>En detalle, el espacio para la pr\u00e1ctica del babyf\u00fatbol en Yungay, tiene una superficie de 640 m2 de pasto sint\u00e9tico y contempl\u00f3 una inversi\u00f3n de $77.351.000. Cuenta con cierre del per\u00edmetro en estructura met\u00e1lica, iluminaci\u00f3n y dos portones de acceso.<\/p>\n<p>A su vez, el proyecto de San Nicol\u00e1s, cuyo costo alcanza los $379.861.000, considera la instalaci\u00f3n de una carpeta de pasto sint\u00e9tico, que permitir\u00e1 el uso del recinto durante todo el a\u00f1o, por la capacidad de filtraci\u00f3n y secado de la superficie luego de las lluvias. Adem\u00e1s, se levantar\u00e1 un cierre perimetral del \u00e1rea de juego y contar\u00e1 con las normas recomendadas por la FIFA.<\/p>\n<p>Sobre la ceremonia en San Nicol\u00e1s, el Gobernador Cris\u00f3stomo relat\u00f3 que \u201chemos estado con la comunidad de Lajuelas, es un sector donde hay una escuela, hay mucha comunidad y hace un tiempo nos hab\u00edamos comprometido con una cancha de pasto sint\u00e9tico dentro del programa 21 canchas para \u00d1uble. Hoy ya estamos firmando el proyecto (\u2026) La comunidad est\u00e1 muy contenta y nosotros tambi\u00e9n, hay una escuela de f\u00fatbol de ni\u00f1os; pero lo principal para nosotros es que estamos avanzando en un proyecto que va a ser bien ic\u00f3nico para nuestra regi\u00f3n, que va a generar nuevas oportunidades en infraestructura deportiva, pero tambi\u00e9n equidad en todos los espacios de \u00d1uble\u201d.<\/p>\n<p>Asimismo, se refiri\u00f3 a la nueva cancha de Yungay donde valor\u00f3 el trabajo conjunto para sacar adelante este proyecto: \u201cla ejecuci\u00f3n la hizo el municipio, nosotros pusimos los recursos para poder desarrollar esto y este es un acuerdo adem\u00e1s que tenemos en el Consejo Regional para poder aportar efectivamente infraestructura p\u00fablica al servicio de nuestras comunidades. Estas son varias instancias y varias canchas que tenemos pensado que ya se est\u00e1n ejecutando en la comuna y que abren oportunidades tambi\u00e9n para el desarrollo. Lo que m\u00e1s queremos es que estas canchas sean utilizadas, que nuestros ni\u00f1os, nuestras ni\u00f1as, j\u00f3venes, adultos ocupen este espacio y que lo disfruten\u201d.<\/p>\n<p><strong>Alcaldes y comunidad valoran inversi\u00f3n<\/strong><\/p>\n<p>La infraestructura de Lajuelas en San Nicol\u00e1s se transforma en la n\u00famero 16 de las 21 canchas para \u00d1uble. En ese sentido, el alcalde V\u00edctor Hugo Rice, coment\u00f3 que junto al \u201cGobernador Cris\u00f3stomo firmamos el convenio para empastar esta cancha con pasto sint\u00e9tico, as\u00ed que estamos muy contentos, porque en el sector hay mucha escasez de agua, por lo tanto, la gesti\u00f3n del Gobernador permite evitar el consumo de agua potable. Agradecer al Gobierno Regional, a los consejeros tambi\u00e9n por aprobar este proyecto\u201d.<\/p>\n<p>Asimismo, el director del Club Deportivo Independiente de San Nicol\u00e1s, Richard Lagos, asegur\u00f3 que con esta firma se cumple \u201cun sue\u00f1o para nosotros como instituci\u00f3n, es un sue\u00f1o que se est\u00e1 por realizar, por el cual hemos luchado por mucho tiempo por tratar de tener una cancha de mejor calidad y hoy estamos a las puertas de tener una cancha sint\u00e9tica que le dar\u00e1 a la escuela y al sector un mayor realce en el tema futbol\u00edstico\u201d.<\/p>\n<p>Por otra parte, el alcalde de Yungay, Rafael Cifuentes, tambi\u00e9n agradeci\u00f3 al Gobierno Regional por esta iniciativa, destacando que \u201cesta es la tercera cancha de babyf\u00fatbol sint\u00e9tica que estamos inaugurando, as\u00ed que para la comunidad, para los que hacen deporte, para los clubes deportivos que la van a usar (\u2026) van a hacer uso tambi\u00e9n las mujeres y los ni\u00f1os de esta multicancha, as\u00ed que contento por eso y est\u00e1 a disposici\u00f3n de toda la comunidad\u201d.<\/p>\n<p>Finalmente, Gabriela Bravo, quien pertenece al Club Deportivo Futuro Alegre de Yungay, recalc\u00f3 que \u201cesta cancha a nosotros nos va a beneficiar mucho, porque durante todo nuestro campeonato hemos jugado en una cancha de tierra, arena, y esta cancha es de pasto sint\u00e9tico, lo cual es mucho m\u00e1s agradable (\u2026) entonces, para nosotros es una alegr\u00eda tener esta cancha habilitada\u201d.<\/p>\n","protected":false},"excerpt":{"rendered":"<p>Se trata de la inauguraci\u00f3n de la cancha de babyf\u00fatbol en el sector Trilaleo en Yungay y la firma de convenio para iniciar las obras de un espacio deportivo en el sector Lajuelas de&#46;&#46;&#46;<\/p>\n","protected":false},"author":1,"featured_media":29905,"comment_status":"closed","ping_status":"closed","sticky":false,"template":"","format":"standard","meta":{"footnotes":""},"categories":[3,1,2567],"tags":[3029,2485,3030,1478,8,6,117],"class_list":["post-29904","post","type-post","status-publish","format-standard","has-post-thumbnail","hentry","category-actualidad","category-noticias","category-social","tag-cancha-deportiva","tag-gobernador-regional","tag-gore-nuble","tag-municipalidad-de-yungay","tag-yungay","tag-yungayino","tag-yungayinocl"],"_links":{"self":[{"href":"https:\/\/www.yungayino.cl\/noticias\/index.php?rest_route=\/wp\/v2\/posts\/29904","targetHints":{"allow":["GET"]}}],"collection":[{"href":"https:\/\/www.yungayino.cl\/noticias\/index.php?rest_route=\/wp\/v2\/posts"}],"about":[{"href":"https:\/\/www.yungayino.cl\/noticias\/index.php?rest_route=\/wp\/v2\/types\/post"}],"author":[{"embeddable":true,"href":"https:\/\/www.yungayino.cl\/noticias\/index.php?rest_route=\/wp\/v2\/users\/1"}],"replies":[{"embeddable":true,"href":"https:\/\/www.yungayino.cl\/noticias\/index.php?rest_route=%2Fwp%2Fv2%2Fcomments&post=29904"}],"version-history":[{"count":1,"href":"https:\/\/www.yungayino.cl\/noticias\/index.php?rest_route=\/wp\/v2\/posts\/29904\/revisions"}],"predecessor-version":[{"id":29906,"href":"https:\/\/www.yungayino.cl\/noticias\/index.php?rest_route=\/wp\/v2\/posts\/29904\/revisions\/29906"}],"wp:featuredmedia":[{"embeddable":true,"href":"https:\/\/www.yungayino.cl\/noticias\/index.php?rest_route=\/wp\/v2\/media\/29905"}],"wp:attachment":[{"href":"https:\/\/www.yungayino.cl\/noticias\/index.php?rest_route=%2Fwp%2Fv2%2Fmedia&parent=29904"}],"wp:term":[{"taxonomy":"category","embeddable":true,"href":"https:\/\/www.yungayino.cl\/noticias\/index.php?rest_route=%2Fwp%2Fv2%2Fcategories&post=29904"},{"taxonomy":"post_tag","embeddable":true,"href":"https:\/\/www.yungayino.cl\/noticias\/index.php?rest_route=%2Fwp%2Fv2%2Ftags&post=29904"}],"curies":[{"name":"wp","href":"https:\/\/api.w.org\/{rel}","templated":true}]}}