{"id":29907,"date":"2023-11-16T20:54:33","date_gmt":"2023-11-16T23:54:33","guid":{"rendered":"https:\/\/www.yungayino.cl\/noticias\/?p=29907"},"modified":"2023-11-18T22:56:23","modified_gmt":"2023-11-19T01:56:23","slug":"convenio-programa-fortalecimiento-de-la-red-de-rehabilitacion-con-base-comunitaria","status":"publish","type":"post","link":"https:\/\/www.yungayino.cl\/noticias\/?p=29907","title":{"rendered":"Convenio Programa Fortalecimiento de la Red de Rehabilitaci\u00f3n con Base Comunitaria"},"content":{"rendered":"<p><img loading=\"lazy\" decoding=\"async\" class=\"alignnone size-full wp-image-29908\" src=\"https:\/\/www.yungayino.cl\/noticias\/wp-content\/uploads\/2023\/11\/firma-convenio.jpg\" alt=\"\" width=\"700\" height=\"350\" srcset=\"https:\/\/www.yungayino.cl\/noticias\/wp-content\/uploads\/2023\/11\/firma-convenio.jpg 700w, https:\/\/www.yungayino.cl\/noticias\/wp-content\/uploads\/2023\/11\/firma-convenio-300x150.jpg 300w\" sizes=\"auto, (max-width: 700px) 100vw, 700px\" \/><\/p>\n<p style=\"text-align: justify;\">El d\u00eda 14 de noviembre, se llevo a cabo la firma del<strong> Convenio Programa Fortalecimiento de la Red de Rehabilitaci\u00f3n con Base Comunitaria<\/strong>, a\u00f1o 2023, por un monto de $15.654.073, suscrito entre el Servicio Nacional de la Discapacidad (SENADIS), representado por la Directora Regional de \u00d1uble Srta. Natalia Barriga Abarz\u00faa y la Ilustre Municipalidad de Yungay, representado por el Alcalde, Rafael Cifuentes Rodr\u00edguez.<\/p>\n<p style=\"text-align: justify;\">El proyecto presentado por la Municipalidad de Yungay, a trav\u00e9s del Jefe del Departamento de Salud, va dirigido principalmente a contratar un profesional Terapeuta Ocupacional para atenci\u00f3n de usuarios del CESFAM Campanario, para ejecutar Estrategia de Rehabilitaci\u00f3n Infantil y Adulta, adem\u00e1s de la adquisici\u00f3n de insumos para apoyo de las actividades a desarrollar.<\/p>\n<p style=\"text-align: justify;\">\u201cEsto se enmarca en el trabajo que se viene desarrollando a nivel municipal y reafirma el compromiso de nuestro Alcalde en buscar recursos para otorgar mayores prestaciones a nuestros vecinos, y de esta forma aportar en mejorar la calidad de vida de los usuarios\u201d.<\/p>\n","protected":false},"excerpt":{"rendered":"<p>El d\u00eda 14 de noviembre, se llevo a cabo la firma del Convenio Programa Fortalecimiento de la Red de Rehabilitaci\u00f3n con Base Comunitaria, a\u00f1o 2023, por un monto de $15.654.073, suscrito entre el Servicio&#46;&#46;&#46;<\/p>\n","protected":false},"author":1,"featured_media":29908,"comment_status":"closed","ping_status":"closed","sticky":false,"template":"","format":"standard","meta":{"footnotes":""},"categories":[3,1,2567],"tags":[786,3031,2531,8],"class_list":["post-29907","post","type-post","status-publish","format-standard","has-post-thumbnail","hentry","category-actualidad","category-noticias","category-social","tag-cesfam-campanario","tag-programa-fortalecimiento-de-la-red-de-rehabilitacion","tag-senadis","tag-yungay"],"_links":{"self":[{"href":"https:\/\/www.yungayino.cl\/noticias\/index.php?rest_route=\/wp\/v2\/posts\/29907","targetHints":{"allow":["GET"]}}],"collection":[{"href":"https:\/\/www.yungayino.cl\/noticias\/index.php?rest_route=\/wp\/v2\/posts"}],"about":[{"href":"https:\/\/www.yungayino.cl\/noticias\/index.php?rest_route=\/wp\/v2\/types\/post"}],"author":[{"embeddable":true,"href":"https:\/\/www.yungayino.cl\/noticias\/index.php?rest_route=\/wp\/v2\/users\/1"}],"replies":[{"embeddable":true,"href":"https:\/\/www.yungayino.cl\/noticias\/index.php?rest_route=%2Fwp%2Fv2%2Fcomments&post=29907"}],"version-history":[{"count":1,"href":"https:\/\/www.yungayino.cl\/noticias\/index.php?rest_route=\/wp\/v2\/posts\/29907\/revisions"}],"predecessor-version":[{"id":29909,"href":"https:\/\/www.yungayino.cl\/noticias\/index.php?rest_route=\/wp\/v2\/posts\/29907\/revisions\/29909"}],"wp:featuredmedia":[{"embeddable":true,"href":"https:\/\/www.yungayino.cl\/noticias\/index.php?rest_route=\/wp\/v2\/media\/29908"}],"wp:attachment":[{"href":"https:\/\/www.yungayino.cl\/noticias\/index.php?rest_route=%2Fwp%2Fv2%2Fmedia&parent=29907"}],"wp:term":[{"taxonomy":"category","embeddable":true,"href":"https:\/\/www.yungayino.cl\/noticias\/index.php?rest_route=%2Fwp%2Fv2%2Fcategories&post=29907"},{"taxonomy":"post_tag","embeddable":true,"href":"https:\/\/www.yungayino.cl\/noticias\/index.php?rest_route=%2Fwp%2Fv2%2Ftags&post=29907"}],"curies":[{"name":"wp","href":"https:\/\/api.w.org\/{rel}","templated":true}]}}