{"id":29916,"date":"2023-11-21T12:51:36","date_gmt":"2023-11-21T15:51:36","guid":{"rendered":"https:\/\/www.yungayino.cl\/noticias\/?p=29916"},"modified":"2023-11-22T12:54:27","modified_gmt":"2023-11-22T15:54:27","slug":"momento-historico-para-el-comite-jardin-egana-de-yungay-con-la-adquisicion-de-terreno-para-nuevas-viviendas","status":"publish","type":"post","link":"https:\/\/www.yungayino.cl\/noticias\/?p=29916","title":{"rendered":"Momento Hist\u00f3rico Para El Comit\u00e9 Jard\u00edn Ega\u00f1a De Yungay Con La Adquisici\u00f3n De Terreno Para Nuevas Viviendas"},"content":{"rendered":"<p><img loading=\"lazy\" decoding=\"async\" class=\"alignnone size-full wp-image-29917\" src=\"https:\/\/www.yungayino.cl\/noticias\/wp-content\/uploads\/2023\/11\/adquisicion-terrenos.jpg\" alt=\"\" width=\"750\" height=\"350\" srcset=\"https:\/\/www.yungayino.cl\/noticias\/wp-content\/uploads\/2023\/11\/adquisicion-terrenos.jpg 750w, https:\/\/www.yungayino.cl\/noticias\/wp-content\/uploads\/2023\/11\/adquisicion-terrenos-300x140.jpg 300w\" sizes=\"auto, (max-width: 750px) 100vw, 750px\" \/><\/p>\n<p style=\"text-align: justify;\">\u00a1Momento Hist\u00f3rico para el Comit\u00e9 Jard\u00edn Ega\u00f1a de Yungay con la Adquisici\u00f3n de Terreno para Nuevas Viviendas!<\/p>\n<p>En un paso significativo hacia el bienestar de la comunidad, el Gobernador Cris\u00f3stomo encabez\u00f3 la ceremonia para oficializar la compra del terreno destinado a la construcci\u00f3n de futuras viviendas para el Comit\u00e9 Jard\u00edn Ega\u00f1a. Acompa\u00f1ado por el Seremi de Vivienda y Urbanismo \u00d1uble, Antonio Marchant, del director de Serviu \u00d1uble, Roberto Grand\u00f3n, la jornada cont\u00f3 con la presencia del alcalde Rafael Cifuentes Rodr\u00edguez, concejales, la presidenta del comit\u00e9, Yessenia Hern\u00e1ndez, y miembros destacados de la comunidad.<\/p>\n<p>En este evento, se anunci\u00f3 que 248 familias se beneficiar\u00e1n directamente con la adquisici\u00f3n de este terreno, marcando un hito en el desarrollo y progreso de Yungay. La compra del terreno fue formalizada con la firma del traspaso de recursos, simbolizando el compromiso del Gobierno Regional de \u00d1uble con la mejora de las condiciones de vida de sus habitantes.<\/p>\n<p>La inversi\u00f3n realizada para la adquisici\u00f3n del terreno supera los $550 millones, reflejando el compromiso necesario para llevar a cabo este proyecto de vital importancia. Esta acci\u00f3n se enmarca dentro de la pol\u00edtica de desarrollo y vivienda del gobierno, que busca asegurar condiciones dignas para todos los ciudadanos.<\/p>\n<p style=\"text-align: justify;\">Durante la ceremonia, el Gobernador Cris\u00f3stomo destac\u00f3 la importancia de este proyecto y reafirm\u00f3 el compromiso del Gobierno Regional de \u00d1uble con el bienestar de sus habitantes. El Seremi de Vivienda y Urbanismo \u00d1uble, Antonio Marchant, subray\u00f3 la relevancia de trabajar de la mano con la comunidad para lograr soluciones habitacionales integrales y sostenibles.<\/p>\n<p>La presidenta del Comit\u00e9 Jard\u00edn Ega\u00f1a, Yessenia Hern\u00e1ndez, expres\u00f3 su gratitud y emoci\u00f3n ante este paso crucial hacia la materializaci\u00f3n de las anheladas viviendas para las familias de la comuna. Asimismo, agradeci\u00f3 el apoyo continuo de las autoridades locales y regionales en este proceso.<\/p>\n<p>El alcalde de Yungay, Rafael Cifuentes, celebr\u00f3 este avance significativo que asegura un mejor futuro para las 248 familias beneficiadas, reafirmando la importancia de la colaboraci\u00f3n entre el gobierno, las autoridades locales y la comunidad para lograr un desarrollo sostenible y equitativo en la regi\u00f3n.<\/p>\n<p><a class=\"x1i10hfl xjbqb8w x6umtig x1b1mbwd xaqea5y xav7gou x9f619 x1ypdohk xt0psk2 xe8uvvx xdj266r x11i5rnm xat24cr x1mh8g0r xexx8yu x4uap5 x18d9i69 xkhd6sd x16tdsg8 x1hl2dhg xggy1nq x1a2a7pz xt0b8zv xzsf02u x1s688f\" tabindex=\"0\" role=\"link\" href=\"https:\/\/www.facebook.com\/hashtag\/comit%C3%A9jard%C3%ADnega%C3%B1ayungay?__eep__=6&amp;__cft__[0]=AZX1Ihb_zcIEpihXrWyYs7LSmbi9Kk3DYfL7g3800w23QhW9y4LgI1qm3aN_jaH77nHY3Ih8Ie6XgafnJRpduy3FVRUFGSXksuO5xxeCfYbEkxw_ygczFUIppAlwmW1xfug0PXCVz5aBTkPRMWA9YXS4aJ7OJ5oxI5inEeBUV3PJ5gI4wOaxiX0VgVaiV4dqZYE&amp;__tn__=*NK*F\">#Comit\u00e9Jard\u00ednEga\u00f1aYungay<\/a><br \/>\n<a class=\"x1i10hfl xjbqb8w x6umtig x1b1mbwd xaqea5y xav7gou x9f619 x1ypdohk xt0psk2 xe8uvvx xdj266r x11i5rnm xat24cr x1mh8g0r xexx8yu x4uap5 x18d9i69 xkhd6sd x16tdsg8 x1hl2dhg xggy1nq x1a2a7pz xt0b8zv xzsf02u x1s688f\" tabindex=\"0\" role=\"link\" href=\"https:\/\/www.facebook.com\/hashtag\/yungay?__eep__=6&amp;__cft__[0]=AZX1Ihb_zcIEpihXrWyYs7LSmbi9Kk3DYfL7g3800w23QhW9y4LgI1qm3aN_jaH77nHY3Ih8Ie6XgafnJRpduy3FVRUFGSXksuO5xxeCfYbEkxw_ygczFUIppAlwmW1xfug0PXCVz5aBTkPRMWA9YXS4aJ7OJ5oxI5inEeBUV3PJ5gI4wOaxiX0VgVaiV4dqZYE&amp;__tn__=*NK*F\">#Yungay<\/a><\/p>\n<p style=\"text-align: center;\">FOTOGRAF\u00cdAS | Momento Hist\u00f3rico Para El Comit\u00e9 Jard\u00edn Ega\u00f1a De Yungay Con La Adquisici\u00f3n De Terreno Para Nuevas Viviendas<\/p>\n<p style=\"text-align: center;\"><iframe loading=\"lazy\" style=\"border: none; overflow: hidden;\" src=\"https:\/\/www.facebook.com\/plugins\/post.php?href=https%3A%2F%2Fwww.facebook.com%2Fyungayino.cl%2Fposts%2Fpfbid0XesXhwYnRP3gB6USvJ5QNstBj9mYAmSLmrqaQxagDjVvCA85bwE1pqd5aPPRPfYKl&amp;show_text=true&amp;width=500\" width=\"500\" height=\"787\" frameborder=\"0\" scrolling=\"no\" allowfullscreen=\"allowfullscreen\"><\/iframe><\/p>\n<p>&nbsp;<\/p>\n","protected":false},"excerpt":{"rendered":"<p>\u00a1Momento Hist\u00f3rico para el Comit\u00e9 Jard\u00edn Ega\u00f1a de Yungay con la Adquisici\u00f3n de Terreno para Nuevas Viviendas! En un paso significativo hacia el bienestar de la comunidad, el Gobernador Cris\u00f3stomo encabez\u00f3 la ceremonia para&#46;&#46;&#46;<\/p>\n","protected":false},"author":1,"featured_media":29917,"comment_status":"closed","ping_status":"closed","sticky":false,"template":"","format":"standard","meta":{"footnotes":""},"categories":[3,1,2567],"tags":[3039,3040,3043,2485,3042,3041,1726,8],"class_list":["post-29916","post","type-post","status-publish","format-standard","has-post-thumbnail","hentry","category-actualidad","category-noticias","category-social","tag-adquisicion-de-terrenos","tag-comite-de-viviendas","tag-comite-jardin-egana","tag-gobernador-regional","tag-gobierno-regional-de-nuble","tag-serviu-nuble","tag-viviendas","tag-yungay"],"_links":{"self":[{"href":"https:\/\/www.yungayino.cl\/noticias\/index.php?rest_route=\/wp\/v2\/posts\/29916","targetHints":{"allow":["GET"]}}],"collection":[{"href":"https:\/\/www.yungayino.cl\/noticias\/index.php?rest_route=\/wp\/v2\/posts"}],"about":[{"href":"https:\/\/www.yungayino.cl\/noticias\/index.php?rest_route=\/wp\/v2\/types\/post"}],"author":[{"embeddable":true,"href":"https:\/\/www.yungayino.cl\/noticias\/index.php?rest_route=\/wp\/v2\/users\/1"}],"replies":[{"embeddable":true,"href":"https:\/\/www.yungayino.cl\/noticias\/index.php?rest_route=%2Fwp%2Fv2%2Fcomments&post=29916"}],"version-history":[{"count":1,"href":"https:\/\/www.yungayino.cl\/noticias\/index.php?rest_route=\/wp\/v2\/posts\/29916\/revisions"}],"predecessor-version":[{"id":29918,"href":"https:\/\/www.yungayino.cl\/noticias\/index.php?rest_route=\/wp\/v2\/posts\/29916\/revisions\/29918"}],"wp:featuredmedia":[{"embeddable":true,"href":"https:\/\/www.yungayino.cl\/noticias\/index.php?rest_route=\/wp\/v2\/media\/29917"}],"wp:attachment":[{"href":"https:\/\/www.yungayino.cl\/noticias\/index.php?rest_route=%2Fwp%2Fv2%2Fmedia&parent=29916"}],"wp:term":[{"taxonomy":"category","embeddable":true,"href":"https:\/\/www.yungayino.cl\/noticias\/index.php?rest_route=%2Fwp%2Fv2%2Fcategories&post=29916"},{"taxonomy":"post_tag","embeddable":true,"href":"https:\/\/www.yungayino.cl\/noticias\/index.php?rest_route=%2Fwp%2Fv2%2Ftags&post=29916"}],"curies":[{"name":"wp","href":"https:\/\/api.w.org\/{rel}","templated":true}]}}