{"id":30007,"date":"2023-12-06T09:00:51","date_gmt":"2023-12-06T12:00:51","guid":{"rendered":"https:\/\/www.yungayino.cl\/noticias\/?p=30007"},"modified":"2023-12-05T22:59:20","modified_gmt":"2023-12-06T01:59:20","slug":"seis-agricultores-de-la-comuna-son-beneficiados-por-proyecto-de-apoyo-al-desarrollo-horticola","status":"publish","type":"post","link":"https:\/\/www.yungayino.cl\/noticias\/?p=30007","title":{"rendered":"Seis Agricultores de la Comuna son Beneficiados por Proyecto de Apoyo al Desarrollo Hort\u00edcola"},"content":{"rendered":"<p><img loading=\"lazy\" decoding=\"async\" class=\"alignnone wp-image-30008 size-full\" src=\"https:\/\/www.yungayino.cl\/noticias\/wp-content\/uploads\/2023\/12\/1-2.jpg\" alt=\"\" width=\"700\" height=\"350\" srcset=\"https:\/\/www.yungayino.cl\/noticias\/wp-content\/uploads\/2023\/12\/1-2.jpg 700w, https:\/\/www.yungayino.cl\/noticias\/wp-content\/uploads\/2023\/12\/1-2-300x150.jpg 300w\" sizes=\"auto, (max-width: 700px) 100vw, 700px\" \/><\/p>\n<p style=\"text-align: justify;\">Diciembre 2023: 230 agricultores y agricultoras de la regi\u00f3n recibieron la entrega simb\u00f3lica de certificados, marcando un hito significativo en el impulso del desarrollo hort\u00edcola en la regi\u00f3n. Este evento fue el resultado de un proyecto innovador de apoyo al sector, financiado por el Gobierno Regional de \u00d1uble y ejecutado por INDAP \u00d1uble.<\/p>\n<p style=\"text-align: justify;\">Destacando la importancia de modernizar el sector agr\u00edcola, el proyecto busca transformar la realidad de los agricultores mediante la incorporaci\u00f3n de maquinaria, capital gen\u00e9tico, infraestructura y otras herramientas clave. La iniciativa tiene como objetivo central hacer que el sector sea m\u00e1s competitivo, sostenible y capaz de enfrentar los desaf\u00edos del siglo XXI.<\/p>\n<p style=\"text-align: justify;\">El proyecto, que abarc\u00f3 a un total de 230 beneficiarios, tuvo un impacto directo en la comuna de Yungay, donde seis agricultores fueron parte de esta iniciativa transformadora. Estos agricultores, representando el tejido agr\u00edcola local, han recibido un impulso significativo para modernizar sus pr\u00e1cticas y mejorar su productividad.<\/p>\n<p style=\"text-align: justify;\">Los proyectos fueron postulados por el equipo t\u00e9cnico de PRODESAL, esta colaboraci\u00f3n entre los agricultores y los profesionales t\u00e9cnicos demuestra la importancia de la participaci\u00f3n activa de la comunidad en la identificaci\u00f3n y consecuci\u00f3n de proyectos que realmente beneficien a quienes trabajan la tierra.<\/p>\n<p style=\"text-align: justify;\">Durante la ceremonia, el alcalde de Yungay, Rafael Cifuentes Rodr\u00edguez, estuvo presente para acompa\u00f1ar y felicitar a los beneficiarios de la comuna, oportunidad en que resalt\u00f3 la importancia de la colaboraci\u00f3n entre el gobierno local y regional para lograr resultados positivos en beneficio de la comunidad.<\/p>\n","protected":false},"excerpt":{"rendered":"<p>Diciembre 2023: 230 agricultores y agricultoras de la regi\u00f3n recibieron la entrega simb\u00f3lica de certificados, marcando un hito significativo en el impulso del desarrollo hort\u00edcola en la regi\u00f3n. Este evento fue el resultado de&#46;&#46;&#46;<\/p>\n","protected":false},"author":2,"featured_media":30008,"comment_status":"closed","ping_status":"closed","sticky":false,"template":"","format":"standard","meta":{"footnotes":""},"categories":[1],"tags":[381,1115,8,6,117],"class_list":["post-30007","post","type-post","status-publish","format-standard","has-post-thumbnail","hentry","category-noticias","tag-agricultores","tag-noticias","tag-yungay","tag-yungayino","tag-yungayinocl"],"_links":{"self":[{"href":"https:\/\/www.yungayino.cl\/noticias\/index.php?rest_route=\/wp\/v2\/posts\/30007","targetHints":{"allow":["GET"]}}],"collection":[{"href":"https:\/\/www.yungayino.cl\/noticias\/index.php?rest_route=\/wp\/v2\/posts"}],"about":[{"href":"https:\/\/www.yungayino.cl\/noticias\/index.php?rest_route=\/wp\/v2\/types\/post"}],"author":[{"embeddable":true,"href":"https:\/\/www.yungayino.cl\/noticias\/index.php?rest_route=\/wp\/v2\/users\/2"}],"replies":[{"embeddable":true,"href":"https:\/\/www.yungayino.cl\/noticias\/index.php?rest_route=%2Fwp%2Fv2%2Fcomments&post=30007"}],"version-history":[{"count":1,"href":"https:\/\/www.yungayino.cl\/noticias\/index.php?rest_route=\/wp\/v2\/posts\/30007\/revisions"}],"predecessor-version":[{"id":30009,"href":"https:\/\/www.yungayino.cl\/noticias\/index.php?rest_route=\/wp\/v2\/posts\/30007\/revisions\/30009"}],"wp:featuredmedia":[{"embeddable":true,"href":"https:\/\/www.yungayino.cl\/noticias\/index.php?rest_route=\/wp\/v2\/media\/30008"}],"wp:attachment":[{"href":"https:\/\/www.yungayino.cl\/noticias\/index.php?rest_route=%2Fwp%2Fv2%2Fmedia&parent=30007"}],"wp:term":[{"taxonomy":"category","embeddable":true,"href":"https:\/\/www.yungayino.cl\/noticias\/index.php?rest_route=%2Fwp%2Fv2%2Fcategories&post=30007"},{"taxonomy":"post_tag","embeddable":true,"href":"https:\/\/www.yungayino.cl\/noticias\/index.php?rest_route=%2Fwp%2Fv2%2Ftags&post=30007"}],"curies":[{"name":"wp","href":"https:\/\/api.w.org\/{rel}","templated":true}]}}