{"id":30019,"date":"2023-12-12T08:00:27","date_gmt":"2023-12-12T11:00:27","guid":{"rendered":"https:\/\/www.yungayino.cl\/noticias\/?p=30019"},"modified":"2023-12-11T15:20:30","modified_gmt":"2023-12-11T18:20:30","slug":"consejo-regional-de-las-culturas-las-artes-y-el-patrimonio-entrega-reconocimientos-regionales-a-ocho-agentes-culturales-de-nuble","status":"publish","type":"post","link":"https:\/\/www.yungayino.cl\/noticias\/?p=30019","title":{"rendered":"Consejo Regional de las Culturas, las Artes y el Patrimonio Entrega Reconocimientos Regionales a Ocho Agentes Culturales de \u00d1uble"},"content":{"rendered":"<p><img loading=\"lazy\" decoding=\"async\" class=\"alignnone wp-image-30020 size-full\" src=\"https:\/\/www.yungayino.cl\/noticias\/wp-content\/uploads\/2023\/12\/reconocimiento-regional-cultura.jpg\" alt=\"\" width=\"700\" height=\"350\" srcset=\"https:\/\/www.yungayino.cl\/noticias\/wp-content\/uploads\/2023\/12\/reconocimiento-regional-cultura.jpg 700w, https:\/\/www.yungayino.cl\/noticias\/wp-content\/uploads\/2023\/12\/reconocimiento-regional-cultura-300x150.jpg 300w\" sizes=\"auto, (max-width: 700px) 100vw, 700px\" \/><\/p>\n<p style=\"text-align: justify;\">\u00d1uble, diciembre 2023: El Consejo Regional es presidido por la Seremi de las Culturas, las Artes y el Patrimonio e integrado por representantes de organizaciones culturales de la regi\u00f3n.<\/p>\n<p style=\"text-align: justify;\">Ocho categor\u00edas fueron premiadas este a\u00f1o con los Reconocimientos Regionales de Culturas, Artes y Patrimonio de la Regi\u00f3n de \u00d1uble que entrega el Consejo Regional de las Culturas, las Artes y el Patrimonio. \u201cEstos Reconocimientos son un homenaje a la trayectoria, al trabajo, al talento, a las identidades y a las diversidades de nuestra regi\u00f3n. Creemos firmemente que la regi\u00f3n de \u00d1uble tiene suficiente historia y podemos hacer una lista de los artistas relevantes de nuestro territorio, pero tambi\u00e9n tenemos que preocuparnos del talento de hoy y para ello tenemos que trabajar para poner a \u00d1uble en el lugar que se merece dentro de la creaci\u00f3n nacional. Para ello no basta con lo que hagamos desde la Seremi de las Culturas, sino que es tarea de todas y todos los habitantes de \u00d1uble\u201d, declar\u00f3 la seremi de las Culturas, las Artes y las Culturas, Scarlet Hidalgo Jara, quien preside el Consejo.<\/p>\n<p style=\"text-align: justify;\">Los reconocidos<\/p>\n<p style=\"text-align: justify;\">Seg\u00fan cada categor\u00eda, los premiados con los Reconocimiento Secretar\u00eda Regional Ministerial de las Culturas las Artes y el Patrimonio de este a\u00f1o son:<\/p>\n<p style=\"text-align: justify;\">Reconocimiento Sergio Vallejos Rodr\u00edguez, Modalidad Artes Visuales, para el destacado pintor, grabador, muralista y profesor de artes visuales nacido en Yungay y residente en Alemania, Juan Hernando Le\u00f3n P\u00e9rez.<\/p>\n<p style=\"text-align: justify;\">Reconocimiento Violeta Parra Sandoval, Modalidad M\u00fasica, para el Conjunto Pe\u00f1ihu\u00e9n, grupo de profesores, estudiantes y trabajadores que iniciaron hace 50 a\u00f1os un trabajo constante de investigaci\u00f3n, recopilaci\u00f3n, rescate y difusi\u00f3n de nuestro folklore.<\/p>\n<p style=\"text-align: justify;\">Reconocimiento Enrique Gajardo Vel\u00e1squez, Modalidad Artes Esc\u00e9nicas, para el actor, profesor, director e investigador del teatro local, Bernardo Neira Sanhueza.<\/p>\n<p style=\"text-align: justify;\">Reconocimiento Alfonso Lagos Villar, Modalidad rescate, investigaci\u00f3n, y\/o difusi\u00f3n hist\u00f3rica patrimonial, para el investigador, cronista, columnista y destacado acad\u00e9mico, Marco Aurelio Reyes Coca.<\/p>\n<p style=\"text-align: justify;\">Reconocimiento Pr\u00e1xedes Caro Antig\u00fceno, Modalidad Artesan\u00eda, para Mirza Delgado Huequeman, artesana en textiler\u00eda, monitora y formadora de nuevas artesanas urbanas de Chill\u00e1n.<\/p>\n<p style=\"text-align: justify;\">Reconocimiento Creaci\u00f3n Literaria, para el profesor, escritor y presidente de la Sociedad de Escritores de Chile \u00d1uble, Luis Contreras Jara.<\/p>\n<p style=\"text-align: justify;\">Reconocimiento Cultura Tradicional, para <strong>Fernando Y\u00e1\u00f1ez Betancourt<\/strong>, folclorista, payador y recopilador de Yungay.<\/p>\n<p style=\"text-align: justify;\">Reconocimiento Artista Emergente, para Roc\u00edo Celeste Ram\u00edrez, bailarina creadora, gestora cultural y mediadora art\u00edstica.<\/p>\n<p style=\"text-align: justify;\">En la ceremonia de premiaci\u00f3n realizada este martes 05 de diciembre en la Sala Claudio Arrau del Teatro Municipal participaron familiares y amigos de los reconocidos junto a las autoridades regionales Gobernador de \u00d1uble, \u00d3scar Cris\u00f3stomo, y al Seremi de Econom\u00eda, Erick Solo de Zald\u00edvar, entre otros.<\/p>\n<p style=\"text-align: justify;\">La jornada fue transmitida por la p\u00e1gina de Facebook @Culturas \u00d1uble donde se puede revivir cada uno de los reconocimientos y la presentaci\u00f3n de los payadores Fernando Y\u00e1\u00f1ez y Leo Castro.<\/p>\n<p style=\"text-align: justify;\">Reconocimientos Regionales<\/p>\n<p style=\"text-align: justify;\">Dentro de las funciones y atribuciones que son de competencia de las Secretar\u00edas Regionales Ministeriales de las Culturas, las Artes y el Patrimonio se encuentra la de otorgar reconocimientos p\u00fablicos a creadores y cultores destacados de la regi\u00f3n, y a comunidades y organizaciones culturales y patrimoniales.<\/p>\n<p style=\"text-align: justify;\">En virtud de aquello, la Seremi de la regi\u00f3n de \u00d1uble, estableci\u00f3 los Reconocimientos Regionales de Artes, Culturas y Patrimonio 2022, los cuales tiene como finalidad reconocer obra de artistas, gestores, y\/o cultores que han destacado en el rescate y fortalecimiento de la identidad, participaci\u00f3n ciudadana y aporte a la descentralizaci\u00f3n.<\/p>\n<p style=\"text-align: justify;\">Por tanto, estos premios son un necesario ejercicio para reconocer la trayectoria, el dinamismo en la participaci\u00f3n ciudadana, y el desarrollo art\u00edstico y cultural de la regi\u00f3n, a trav\u00e9s de una obra continua en el tiempo.<\/p>\n<p style=\"text-align: justify;\">Para definir estos Reconocimientos, votaron los siguientes consejeros las Culturas, Artes y el Patrimonio de \u00d1uble: la Seremi de las Culturas, Scarlet Hidalgo Jara, el Seremi de Educaci\u00f3n, profesor C\u00e9sar Riquelme, el Seremi de Econom\u00eda, Erick Solo de Zald\u00edvar, el otrora Director Regional de Patrimonio, Jos\u00e9 Pedro Urz\u00faa, la representante del Gobierno Regional, Katerina Osorio, la representante de las universidades, Amara \u00c1vila, la representante de los pueblos originarios, Marcela Montupil, el representante de los municipios, Luis Navarrete, y la representante de las organizaciones culturales de \u00d1uble, Cristina Paillac\u00e1n.<\/p>\n","protected":false},"excerpt":{"rendered":"<p>\u00d1uble, diciembre 2023: El Consejo Regional es presidido por la Seremi de las Culturas, las Artes y el Patrimonio e integrado por representantes de organizaciones culturales de la regi\u00f3n. Ocho categor\u00edas fueron premiadas este&#46;&#46;&#46;<\/p>\n","protected":false},"author":2,"featured_media":30020,"comment_status":"closed","ping_status":"closed","sticky":false,"template":"","format":"standard","meta":{"footnotes":""},"categories":[3,1],"tags":[2911,1115,1678,8,6,117],"class_list":["post-30019","post","type-post","status-publish","format-standard","has-post-thumbnail","hentry","category-actualidad","category-noticias","tag-fernando-yanez","tag-noticias","tag-nuble","tag-yungay","tag-yungayino","tag-yungayinocl"],"_links":{"self":[{"href":"https:\/\/www.yungayino.cl\/noticias\/index.php?rest_route=\/wp\/v2\/posts\/30019","targetHints":{"allow":["GET"]}}],"collection":[{"href":"https:\/\/www.yungayino.cl\/noticias\/index.php?rest_route=\/wp\/v2\/posts"}],"about":[{"href":"https:\/\/www.yungayino.cl\/noticias\/index.php?rest_route=\/wp\/v2\/types\/post"}],"author":[{"embeddable":true,"href":"https:\/\/www.yungayino.cl\/noticias\/index.php?rest_route=\/wp\/v2\/users\/2"}],"replies":[{"embeddable":true,"href":"https:\/\/www.yungayino.cl\/noticias\/index.php?rest_route=%2Fwp%2Fv2%2Fcomments&post=30019"}],"version-history":[{"count":2,"href":"https:\/\/www.yungayino.cl\/noticias\/index.php?rest_route=\/wp\/v2\/posts\/30019\/revisions"}],"predecessor-version":[{"id":30022,"href":"https:\/\/www.yungayino.cl\/noticias\/index.php?rest_route=\/wp\/v2\/posts\/30019\/revisions\/30022"}],"wp:featuredmedia":[{"embeddable":true,"href":"https:\/\/www.yungayino.cl\/noticias\/index.php?rest_route=\/wp\/v2\/media\/30020"}],"wp:attachment":[{"href":"https:\/\/www.yungayino.cl\/noticias\/index.php?rest_route=%2Fwp%2Fv2%2Fmedia&parent=30019"}],"wp:term":[{"taxonomy":"category","embeddable":true,"href":"https:\/\/www.yungayino.cl\/noticias\/index.php?rest_route=%2Fwp%2Fv2%2Fcategories&post=30019"},{"taxonomy":"post_tag","embeddable":true,"href":"https:\/\/www.yungayino.cl\/noticias\/index.php?rest_route=%2Fwp%2Fv2%2Ftags&post=30019"}],"curies":[{"name":"wp","href":"https:\/\/api.w.org\/{rel}","templated":true}]}}