{"id":30023,"date":"2023-12-11T13:00:04","date_gmt":"2023-12-11T16:00:04","guid":{"rendered":"https:\/\/www.yungayino.cl\/noticias\/?p=30023"},"modified":"2023-12-11T15:27:38","modified_gmt":"2023-12-11T18:27:38","slug":"escuela-de-verano-en-campanario-y-yungay","status":"publish","type":"post","link":"https:\/\/www.yungayino.cl\/noticias\/?p=30023","title":{"rendered":"Escuela de Verano en Campanario y Yungay"},"content":{"rendered":"<p><img loading=\"lazy\" decoding=\"async\" class=\"alignnone wp-image-30025 size-full\" src=\"https:\/\/www.yungayino.cl\/noticias\/wp-content\/uploads\/2023\/12\/7-diciembre-escuela-de-verano-1-e1702318981940.jpg\" alt=\"\" width=\"700\" height=\"700\" \/><\/p>\n<p style=\"text-align: justify;\">Diciembre 2023: La Escuela de Verano, un espacio pensado especialmente para ni\u00f1os y ni\u00f1as de 6 a 12 a\u00f1os. Este programa est\u00e1 dirigido a aquellos peque\u00f1os cuyos padres o cuidadores principales realizan labores productivas de temporada y necesitan un lugar seguro y divertido para que sus hijos aprendan y jueguen mientras ellos trabajan.<\/p>\n<p style=\"text-align: justify;\"><strong><u>Requisitos:<\/u><\/strong><\/p>\n<ul style=\"text-align: justify;\">\n<li>Ni\u00f1os y ni\u00f1as de 6 a 12 a\u00f1os, hijos de padres o madres temporeros.<\/li>\n<li>Registro social de hogares en la comuna y hasta el 60%.<\/li>\n<\/ul>\n<p style=\"text-align: justify;\"><strong><u>Inscripciones:<\/u><\/strong><\/p>\n<p style=\"text-align: justify;\">Las inscripciones son presenciales y estar\u00e1n abiertas desde el 11 de diciembre en la Direcci\u00f3n de Desarrollo Comunitario, desde las 08:30 hasta las 17:30 hrs.<\/p>\n<p style=\"text-align: justify;\"><strong><u>Documentos necesarios:<\/u><\/strong><\/p>\n<ul style=\"text-align: justify;\">\n<li>Carnet de Identidad del ni\u00f1o\/a.<\/li>\n<li>Documentaci\u00f3n del adulto responsable.<\/li>\n<\/ul>\n<p style=\"text-align: justify;\">Este a\u00f1o, gracias a las gestiones del alcalde, Rafael Cifuentes Rodr\u00edguez, municipio informa que la Escuela de Verano funcionar\u00e1 no solo en Yungay sino que tambi\u00e9n regresa a Campanario.<\/p>\n<p style=\"text-align: justify;\">En Campanario se puede realizar la pre-Inscripci\u00f3n de los peque\u00f1os, con la asistente social del Liceo de Campanario.<\/p>\n","protected":false},"excerpt":{"rendered":"<p>Diciembre 2023: La Escuela de Verano, un espacio pensado especialmente para ni\u00f1os y ni\u00f1as de 6 a 12 a\u00f1os. Este programa est\u00e1 dirigido a aquellos peque\u00f1os cuyos padres o cuidadores principales realizan labores productivas&#46;&#46;&#46;<\/p>\n","protected":false},"author":2,"featured_media":30024,"comment_status":"closed","ping_status":"closed","sticky":false,"template":"","format":"standard","meta":{"footnotes":""},"categories":[1,32,2567],"tags":[31,638,1115,8,6,117],"class_list":["post-30023","post","type-post","status-publish","format-standard","has-post-thumbnail","hentry","category-noticias","category-servicios","category-social","tag-campanario","tag-escuela-de-verano","tag-noticias","tag-yungay","tag-yungayino","tag-yungayinocl"],"_links":{"self":[{"href":"https:\/\/www.yungayino.cl\/noticias\/index.php?rest_route=\/wp\/v2\/posts\/30023","targetHints":{"allow":["GET"]}}],"collection":[{"href":"https:\/\/www.yungayino.cl\/noticias\/index.php?rest_route=\/wp\/v2\/posts"}],"about":[{"href":"https:\/\/www.yungayino.cl\/noticias\/index.php?rest_route=\/wp\/v2\/types\/post"}],"author":[{"embeddable":true,"href":"https:\/\/www.yungayino.cl\/noticias\/index.php?rest_route=\/wp\/v2\/users\/2"}],"replies":[{"embeddable":true,"href":"https:\/\/www.yungayino.cl\/noticias\/index.php?rest_route=%2Fwp%2Fv2%2Fcomments&post=30023"}],"version-history":[{"count":2,"href":"https:\/\/www.yungayino.cl\/noticias\/index.php?rest_route=\/wp\/v2\/posts\/30023\/revisions"}],"predecessor-version":[{"id":30027,"href":"https:\/\/www.yungayino.cl\/noticias\/index.php?rest_route=\/wp\/v2\/posts\/30023\/revisions\/30027"}],"wp:featuredmedia":[{"embeddable":true,"href":"https:\/\/www.yungayino.cl\/noticias\/index.php?rest_route=\/wp\/v2\/media\/30024"}],"wp:attachment":[{"href":"https:\/\/www.yungayino.cl\/noticias\/index.php?rest_route=%2Fwp%2Fv2%2Fmedia&parent=30023"}],"wp:term":[{"taxonomy":"category","embeddable":true,"href":"https:\/\/www.yungayino.cl\/noticias\/index.php?rest_route=%2Fwp%2Fv2%2Fcategories&post=30023"},{"taxonomy":"post_tag","embeddable":true,"href":"https:\/\/www.yungayino.cl\/noticias\/index.php?rest_route=%2Fwp%2Fv2%2Ftags&post=30023"}],"curies":[{"name":"wp","href":"https:\/\/api.w.org\/{rel}","templated":true}]}}