{"id":30049,"date":"2023-12-18T07:00:01","date_gmt":"2023-12-18T10:00:01","guid":{"rendered":"https:\/\/www.yungayino.cl\/noticias\/?p=30049"},"modified":"2023-12-11T15:55:27","modified_gmt":"2023-12-11T18:55:27","slug":"nuble-recibe-11-nuevas-ambulancias-gracias-a-la-inversion-del-gobierno-regional","status":"publish","type":"post","link":"https:\/\/www.yungayino.cl\/noticias\/?p=30049","title":{"rendered":"\u00d1uble Recibe 11 Nuevas Ambulancias Gracias a la Inversi\u00f3n del Gobierno Regional"},"content":{"rendered":"<p><img loading=\"lazy\" decoding=\"async\" class=\"alignnone wp-image-30050 size-full\" src=\"https:\/\/www.yungayino.cl\/noticias\/wp-content\/uploads\/2023\/12\/ambilancia-para-yungay.jpg\" alt=\"\" width=\"700\" height=\"350\" srcset=\"https:\/\/www.yungayino.cl\/noticias\/wp-content\/uploads\/2023\/12\/ambilancia-para-yungay.jpg 700w, https:\/\/www.yungayino.cl\/noticias\/wp-content\/uploads\/2023\/12\/ambilancia-para-yungay-300x150.jpg 300w\" sizes=\"auto, (max-width: 700px) 100vw, 700px\" \/><\/p>\n<p style=\"text-align: justify;\">\u00d1uble, diciembre 2023: Nuevamente acercar la salud a las personas inspira un proyecto financiado por el Gobierno Regional de \u00d1uble.\u00a0 Esta vez se trata de 33 ambulancias para la regi\u00f3n, de las cuales se hizo entrega formal a once de ellas para las comunas de Pinto, Quill\u00f3n, <strong>Yungay<\/strong>, Coihueco, San Carlos, Coelemu, Portezuelo y Quirihue. La inversi\u00f3n de esta primera partida de veh\u00edculos de traslado, alcanza los $916.300.000 de un total de $2.894.034.000.<\/p>\n<p style=\"text-align: justify;\">Durante la ceremonia de entrega de llaves, el Gobernador de \u00d1uble, \u00d3scar Cris\u00f3stomo, junto con agradecer el trabajo en conjunto con el Servicio de Salud y los alcaldes, indic\u00f3 que \u201cestas ambulancias eran ampliamente esperadas por nuestra comunidad, permiten el desplazamiento y la atenci\u00f3n oportuna de nuestros vecinos y vecinas; es una herramienta tremendamente \u00fatil y pertinente. Pudimos concretar esta entrega gracias a un acuerdo que hemos suscrito junto a los consejeros regionales con el Servicio de Salud \u00d1uble. Esta es la primera partida de once ambulancias, y estamos a la espera de una nueva licitaci\u00f3n la que permitir\u00e1 comprar otras 22 para de esta forma, esperamos reforzar el parque automotriz de emergencia para la regi\u00f3n, atendiendo de buena manera en salud, que se ha transformado, sin lugar a dudas, en la primera prioridad para nuestro Gobierno Regional en conjunto con nuestro consejo\u201d.<\/p>\n<p style=\"text-align: justify;\">De la misma forma, la Directora del Servicio de Salud \u00d1uble, Elizabeth Abarca, explic\u00f3 que la distribuci\u00f3n de los veh\u00edculos se realiz\u00f3 en base a un levantamiento de informaci\u00f3n donde se pudo constatar el estado de la flota de cada comuna y se\u00f1al\u00f3 que se trata \u201cde una inversi\u00f3n cercana a los $3.000 millones la cual se va a concretar en una primera etapa con la entrega de once ambulancias y posterior a esto, vienen 22 m\u00e1s, acci\u00f3n que esperamos concretar pr\u00f3ximamente con una nueva licitaci\u00f3n. Estamos muy contentos como Servicio de Salud, dado que esto viene a potenciar las condiciones de la salud de \u00d1uble, mejorando los accesos, la oportunidad de los traslados y tambi\u00e9n haci\u00e9ndonos cargo de trabajar con equidad. Deseamos que todos nuestros usuarios, independiente del territorio, puedan tener las mismas oportunidades de sentir y de percibir la salud en la regi\u00f3n\u201d.<\/p>\n<p style=\"text-align: justify;\"><strong>Comunas beneficiadas<\/strong><\/p>\n<p style=\"text-align: justify;\"><strong>La comuna de Yungay<\/strong> fue beneficiada con <strong>tres ambulancias<\/strong>. Su alcalde, Rafael Cifuentes, expres\u00f3 su alegr\u00eda \u201cpor renovar la flota automotriz que ten\u00edamos en el Cesfam de Campanario, por lo tanto, estamos muy contentos, gracias al Gobierno Regional, a sus consejeros por este convenio que tienen con salud porque Yungay es uno de los que tiene mayor beneficio en esta oportunidad y la necesit\u00e1bamos\u201d.<\/p>\n<p style=\"text-align: justify;\">Asimismo, el alcalde de Quill\u00f3n, Miguel Pe\u00f1a, agradeci\u00f3 al Gobierno Regional y del Ministerio de Salud. \u201cSomos una comuna con alta ruralidad y creo que es la instancia y el momento preciso, porque los \u00faltimos a\u00f1os, despu\u00e9s de la pandemia, las movilizaciones son medias escasas. Hoy estamos recibiendo una ambulancia para poder atender a nuestros vecinos y vecinas de los sectores rurales, que se ir\u00eda a un Cecosf que tiene que atender a tres postas que son netamente rurales\u201d.<\/p>\n<p style=\"text-align: justify;\">Como miembro de la comisi\u00f3n de salud, el Consejero Regional, Juan Riquelme, respald\u00f3 que \u201cmensaje del Gobernador en el \u00e1mbito de que el Consejo Regional en pleno, ha priorizado los ejes del desarrollo integral de los habitantes de nuestra regi\u00f3n y, por cierto, la salud ocupa un lugar preponderante y una preocupaci\u00f3n permanente, se trabaj\u00f3 mucho con el Servicio de Salud de \u00d1uble para establecer este programa y muchos otros programas que se suman al\u00a0 \u00e1rea de la salud como uno de los ejes prioritarios\u00a0 para poder mejorar la calidad de vida de nuestros habitantes\u201d.<\/p>\n<p style=\"text-align: justify;\">Finalmente, Segundo S\u00e1nchez, presidente del Consejo de la Sociedad Civil de Salud, asegur\u00f3 que hoy d\u00eda est\u00e1 siendo realidad, lo que era parte de un sue\u00f1o. Agradeci\u00f3 \u201cal Gobierno Regional y al Gobernador porque ha tenido esa deferencia y voluntad tremenda para poder ver que nuestros usuarios son los que necesitan estos veh\u00edculos para poder tener cada d\u00eda una mejor salud\u201d.<\/p>\n","protected":false},"excerpt":{"rendered":"<p>\u00d1uble, diciembre 2023: Nuevamente acercar la salud a las personas inspira un proyecto financiado por el Gobierno Regional de \u00d1uble.\u00a0 Esta vez se trata de 33 ambulancias para la regi\u00f3n, de las cuales se&#46;&#46;&#46;<\/p>\n","protected":false},"author":2,"featured_media":30050,"comment_status":"closed","ping_status":"closed","sticky":false,"template":"","format":"standard","meta":{"footnotes":""},"categories":[1,1675,1676,32,2567],"tags":[1061,31,440,1115,1678,65,1313,8,6,117],"class_list":["post-30049","post","type-post","status-publish","format-standard","has-post-thumbnail","hentry","category-noticias","category-saludc","category-salud","category-servicios","category-social","tag-ambulancia","tag-campanario","tag-cesfam","tag-noticias","tag-nuble","tag-salud","tag-servicio-de-salud","tag-yungay","tag-yungayino","tag-yungayinocl"],"_links":{"self":[{"href":"https:\/\/www.yungayino.cl\/noticias\/index.php?rest_route=\/wp\/v2\/posts\/30049","targetHints":{"allow":["GET"]}}],"collection":[{"href":"https:\/\/www.yungayino.cl\/noticias\/index.php?rest_route=\/wp\/v2\/posts"}],"about":[{"href":"https:\/\/www.yungayino.cl\/noticias\/index.php?rest_route=\/wp\/v2\/types\/post"}],"author":[{"embeddable":true,"href":"https:\/\/www.yungayino.cl\/noticias\/index.php?rest_route=\/wp\/v2\/users\/2"}],"replies":[{"embeddable":true,"href":"https:\/\/www.yungayino.cl\/noticias\/index.php?rest_route=%2Fwp%2Fv2%2Fcomments&post=30049"}],"version-history":[{"count":2,"href":"https:\/\/www.yungayino.cl\/noticias\/index.php?rest_route=\/wp\/v2\/posts\/30049\/revisions"}],"predecessor-version":[{"id":30052,"href":"https:\/\/www.yungayino.cl\/noticias\/index.php?rest_route=\/wp\/v2\/posts\/30049\/revisions\/30052"}],"wp:featuredmedia":[{"embeddable":true,"href":"https:\/\/www.yungayino.cl\/noticias\/index.php?rest_route=\/wp\/v2\/media\/30050"}],"wp:attachment":[{"href":"https:\/\/www.yungayino.cl\/noticias\/index.php?rest_route=%2Fwp%2Fv2%2Fmedia&parent=30049"}],"wp:term":[{"taxonomy":"category","embeddable":true,"href":"https:\/\/www.yungayino.cl\/noticias\/index.php?rest_route=%2Fwp%2Fv2%2Fcategories&post=30049"},{"taxonomy":"post_tag","embeddable":true,"href":"https:\/\/www.yungayino.cl\/noticias\/index.php?rest_route=%2Fwp%2Fv2%2Ftags&post=30049"}],"curies":[{"name":"wp","href":"https:\/\/api.w.org\/{rel}","templated":true}]}}