{"id":30053,"date":"2023-12-20T07:00:32","date_gmt":"2023-12-20T10:00:32","guid":{"rendered":"https:\/\/www.yungayino.cl\/noticias\/?p=30053"},"modified":"2023-12-11T15:56:49","modified_gmt":"2023-12-11T18:56:49","slug":"primeros-auxilios-psicologicos-apoyo-oportuno-en-situaciones-de-emergencia","status":"publish","type":"post","link":"https:\/\/www.yungayino.cl\/noticias\/?p=30053","title":{"rendered":"Primeros Auxilios Psicol\u00f3gicos: Apoyo Oportuno en Situaciones de Emergencia"},"content":{"rendered":"<p><img loading=\"lazy\" decoding=\"async\" class=\"alignnone wp-image-30054 size-full\" src=\"https:\/\/www.yungayino.cl\/noticias\/wp-content\/uploads\/2023\/12\/Primera-Ayuda-Psicologica-2.jpg\" alt=\"\" width=\"700\" height=\"350\" srcset=\"https:\/\/www.yungayino.cl\/noticias\/wp-content\/uploads\/2023\/12\/Primera-Ayuda-Psicologica-2.jpg 700w, https:\/\/www.yungayino.cl\/noticias\/wp-content\/uploads\/2023\/12\/Primera-Ayuda-Psicologica-2-300x150.jpg 300w\" sizes=\"auto, (max-width: 700px) 100vw, 700px\" \/><\/p>\n<p style=\"text-align: justify;\">Diciembre 2023: Esta estrategia refuerza la implementaci\u00f3n el Plan de Acci\u00f3n de Salud Mental, impulsado por el Gobierno, en respuesta a diversas emergencias ocurridas en la Regi\u00f3n.<\/p>\n<p style=\"text-align: justify;\">La Primera Ayuda Psicol\u00f3gica representa una herramienta esencial en la gesti\u00f3n de situaciones de emergencias y desastres. Su prop\u00f3sito es brindar apoyo a la comunidad, incluyendo tanto a los damnificados como a los miembros de los equipos de ayuda y rescate. Los profesionales del Servicio de Salud \u00d1uble (SS\u00d1) han asumido la responsabilidad de distribuir y aplicar esta herramienta a lo largo de la regi\u00f3n.<\/p>\n<p style=\"text-align: justify;\">A trav\u00e9s de la iniciativa \u201cEstrategia de Apoyo a la Recuperaci\u00f3n en Salud Mental y Apoyo Psicosocial post emergencia y desastres 2023\u201d, reforzada en septiembre producto de las inundaciones, se ha desplegado un equipo de 70 profesionales en diversas comunas de la Regi\u00f3n, con la finalidad de restablecer el bienestar emocional y funcional de los afectados, adem\u00e1s de prevenir posibles secuelas emocionales a largo plazo.<\/p>\n<p style=\"text-align: justify;\">En esa l\u00ednea, la Directora del SS\u00d1, Elizabeth Abarca Trivi\u00f1o, destac\u00f3 que, \u201ces esencial relevar el trabajo de los equipos de Salud Mental, dado que la atenci\u00f3n en este aspecto es una de nuestras prioridades y preocupaciones, especialmente tras emergencias vividas en verano e invierno en la Regi\u00f3n. La salud mental representa un desaf\u00edo que hemos afrontado con el compromiso de nuestros equipos psicosociales, quienes trabajan a trav\u00e9s de intervenciones no invasivas con las personas afectadas, logrando as\u00ed restaurar la seguridad y confianza que frecuentemente se pierde al enfrentar eventos altamente estresantes\u201d.<\/p>\n<p style=\"text-align: justify;\">Por su parte, la Dra. Claudia Quezada Nitor, Jefa del Departamento de Salud Mental del SS\u00d1, precis\u00f3 que: \u201cNuestros profesionales han trabajado incansablemente para apoyar la recuperaci\u00f3n en salud mental y entregar apoyo psicosocial. Hasta la fecha, a trav\u00e9s de este despliegue, hemos capacitado a 1041 respondedores en primeros auxilios psicol\u00f3gicos, mediante 122 talleres, abarcando sectores como educaci\u00f3n, municipios, Conaf, Bomberos, Carabineros, PDI, personal de salud y j\u00f3venes, quienes podr\u00e1n actuar de manera eficiente en situaciones de crisis o emergencias\u201d.<\/p>\n<p style=\"text-align: justify;\">Las Claves en la Primera Ayuda Psicol\u00f3gica<\/p>\n<p style=\"text-align: justify;\">Nicol\u00e1s San Mart\u00edn Alvarado, Psic\u00f3logo del Departamento de Salud Mental del SS\u00d1, quien est\u00e1 a cargo de los territorios de R\u00e1nquil y Portezuelo, explic\u00f3 qu\u00e9: \u201cLo fundamental, a lo largo de toda la aplicaci\u00f3n de la primera ayuda psicol\u00f3gica, es transmitir calma y seguridad a las personas. Esto se logra con nuestra actitud, comportamiento y comunicaci\u00f3n, permitiendo as\u00ed la aplicaci\u00f3n correcta de las herramientas que son esenciales en cada intervenci\u00f3n. Incluso en casos donde no se logra una comunicaci\u00f3n efectiva, aplicamos ejercicios de respiraci\u00f3n, necesarios para ayudar a cada persona\u201d.<\/p>\n<p style=\"text-align: justify;\">Los equipos, integrados por Trabajadores Sociales y Psic\u00f3logos, han desarrollado un trabajo dirigido a toda la comunidad que lo requiera. Esta estrategia tambi\u00e9n busca preparar a la comunidad para enfrentar posibles emergencias, abarcando las fases de respuesta, recuperaci\u00f3n y preparaci\u00f3n.<\/p>\n","protected":false},"excerpt":{"rendered":"<p>Diciembre 2023: Esta estrategia refuerza la implementaci\u00f3n el Plan de Acci\u00f3n de Salud Mental, impulsado por el Gobierno, en respuesta a diversas emergencias ocurridas en la Regi\u00f3n. La Primera Ayuda Psicol\u00f3gica representa una herramienta&#46;&#46;&#46;<\/p>\n","protected":false},"author":2,"featured_media":30054,"comment_status":"closed","ping_status":"closed","sticky":false,"template":"","format":"standard","meta":{"footnotes":""},"categories":[1,1675,1676,32,2567],"tags":[3063,2844,1115,65,8,6,117],"class_list":["post-30053","post","type-post","status-publish","format-standard","has-post-thumbnail","hentry","category-noticias","category-saludc","category-salud","category-servicios","category-social","tag-apoyo-psicologico","tag-emergencia","tag-noticias","tag-salud","tag-yungay","tag-yungayino","tag-yungayinocl"],"_links":{"self":[{"href":"https:\/\/www.yungayino.cl\/noticias\/index.php?rest_route=\/wp\/v2\/posts\/30053","targetHints":{"allow":["GET"]}}],"collection":[{"href":"https:\/\/www.yungayino.cl\/noticias\/index.php?rest_route=\/wp\/v2\/posts"}],"about":[{"href":"https:\/\/www.yungayino.cl\/noticias\/index.php?rest_route=\/wp\/v2\/types\/post"}],"author":[{"embeddable":true,"href":"https:\/\/www.yungayino.cl\/noticias\/index.php?rest_route=\/wp\/v2\/users\/2"}],"replies":[{"embeddable":true,"href":"https:\/\/www.yungayino.cl\/noticias\/index.php?rest_route=%2Fwp%2Fv2%2Fcomments&post=30053"}],"version-history":[{"count":2,"href":"https:\/\/www.yungayino.cl\/noticias\/index.php?rest_route=\/wp\/v2\/posts\/30053\/revisions"}],"predecessor-version":[{"id":30056,"href":"https:\/\/www.yungayino.cl\/noticias\/index.php?rest_route=\/wp\/v2\/posts\/30053\/revisions\/30056"}],"wp:featuredmedia":[{"embeddable":true,"href":"https:\/\/www.yungayino.cl\/noticias\/index.php?rest_route=\/wp\/v2\/media\/30054"}],"wp:attachment":[{"href":"https:\/\/www.yungayino.cl\/noticias\/index.php?rest_route=%2Fwp%2Fv2%2Fmedia&parent=30053"}],"wp:term":[{"taxonomy":"category","embeddable":true,"href":"https:\/\/www.yungayino.cl\/noticias\/index.php?rest_route=%2Fwp%2Fv2%2Fcategories&post=30053"},{"taxonomy":"post_tag","embeddable":true,"href":"https:\/\/www.yungayino.cl\/noticias\/index.php?rest_route=%2Fwp%2Fv2%2Ftags&post=30053"}],"curies":[{"name":"wp","href":"https:\/\/api.w.org\/{rel}","templated":true}]}}