{"id":30121,"date":"2024-01-05T07:00:05","date_gmt":"2024-01-05T10:00:05","guid":{"rendered":"https:\/\/www.yungayino.cl\/noticias\/?p=30121"},"modified":"2024-01-04T13:40:42","modified_gmt":"2024-01-04T16:40:42","slug":"encuentro-comunal-inclusivo-promueve-cultura-de-inclusion-en-yungay","status":"publish","type":"post","link":"https:\/\/www.yungayino.cl\/noticias\/?p=30121","title":{"rendered":"Encuentro Comunal Inclusivo Promueve Cultura de Inclusi\u00f3n en Yungay"},"content":{"rendered":"<p><img loading=\"lazy\" decoding=\"async\" class=\"alignnone wp-image-30124 size-full\" src=\"https:\/\/www.yungayino.cl\/noticias\/wp-content\/uploads\/2024\/01\/ninos.jpg\" alt=\"\" width=\"700\" height=\"350\" srcset=\"https:\/\/www.yungayino.cl\/noticias\/wp-content\/uploads\/2024\/01\/ninos.jpg 700w, https:\/\/www.yungayino.cl\/noticias\/wp-content\/uploads\/2024\/01\/ninos-300x150.jpg 300w\" sizes=\"auto, (max-width: 700px) 100vw, 700px\" \/><\/p>\n<p style=\"text-align: justify;\">Yungay, enero 2024: En un esfuerzo por fortalecer la inclusi\u00f3n y la interacci\u00f3n entre personas con discapacidad, Trastorno del Espectro Autista (TEA) y cuidadores\/as, la Municipalidad de Yungay llev\u00f3 a cabo con \u00e9xito el \u00abPrimer Encuentro Comunal Inclusivo\u00bb. El evento, que tuvo lugar el jueves 28 de diciembre de 2023 en el Gimnasio de la Escuela Fernando Baquedano, fue organizado por la Oficina Social Inclusiva y la Oficina de Discapacidad.<\/p>\n<p style=\"text-align: justify;\">El objetivo principal de este encuentro fue crear espacios de interacci\u00f3n que fomentaran e impulsaran una cultura m\u00e1s inclusiva en la comuna de Yungay. La iniciativa cont\u00f3 con la activa participaci\u00f3n de diversas agrupaciones, entre ellas TEA-Acoge Yungay, Agrupaci\u00f3n TEA San Andr\u00e9s Corazones Azules de Campanario, Agrupaci\u00f3n APPANEY, Agrupaci\u00f3n de Discapacitados y la Agrupaci\u00f3n de Amigos y Familiares de Discapacidad.<\/p>\n<p style=\"text-align: justify;\">El Gimnasio de la Escuela Fernando Baquedano se convirti\u00f3 en el epicentro de actividades que promovieron la integraci\u00f3n y concientizaci\u00f3n sobre las realidades que enfrentan las personas con discapacidad y TEA en la sociedad. El evento sirvi\u00f3 como plataforma para compartir experiencias, generar redes de apoyo y destacar la importancia de la inclusi\u00f3n en todos los \u00e1mbitos.<\/p>\n<p style=\"text-align: justify;\">Durante el evento, se llevaron a cabo diversas actividades recreativas y formativas, incluyendo charlas, talleres y presentaciones art\u00edsticas. Adem\u00e1s, se establecieron mesas de di\u00e1logo que permitieron a los participantes compartir sus perspectivas y contribuir a la construcci\u00f3n de estrategias para una inclusi\u00f3n m\u00e1s efectiva en Yungay.<\/p>\n<p>&nbsp;<\/p>\n<p>&nbsp;<\/p>\n","protected":false},"excerpt":{"rendered":"<p>Yungay, enero 2024: En un esfuerzo por fortalecer la inclusi\u00f3n y la interacci\u00f3n entre personas con discapacidad, Trastorno del Espectro Autista (TEA) y cuidadores\/as, la Municipalidad de Yungay llev\u00f3 a cabo con \u00e9xito el&#46;&#46;&#46;<\/p>\n","protected":false},"author":2,"featured_media":30124,"comment_status":"closed","ping_status":"closed","sticky":false,"template":"","format":"standard","meta":{"footnotes":""},"categories":[1],"tags":[1115,8,6,117],"class_list":["post-30121","post","type-post","status-publish","format-standard","has-post-thumbnail","hentry","category-noticias","tag-noticias","tag-yungay","tag-yungayino","tag-yungayinocl"],"_links":{"self":[{"href":"https:\/\/www.yungayino.cl\/noticias\/index.php?rest_route=\/wp\/v2\/posts\/30121","targetHints":{"allow":["GET"]}}],"collection":[{"href":"https:\/\/www.yungayino.cl\/noticias\/index.php?rest_route=\/wp\/v2\/posts"}],"about":[{"href":"https:\/\/www.yungayino.cl\/noticias\/index.php?rest_route=\/wp\/v2\/types\/post"}],"author":[{"embeddable":true,"href":"https:\/\/www.yungayino.cl\/noticias\/index.php?rest_route=\/wp\/v2\/users\/2"}],"replies":[{"embeddable":true,"href":"https:\/\/www.yungayino.cl\/noticias\/index.php?rest_route=%2Fwp%2Fv2%2Fcomments&post=30121"}],"version-history":[{"count":1,"href":"https:\/\/www.yungayino.cl\/noticias\/index.php?rest_route=\/wp\/v2\/posts\/30121\/revisions"}],"predecessor-version":[{"id":30125,"href":"https:\/\/www.yungayino.cl\/noticias\/index.php?rest_route=\/wp\/v2\/posts\/30121\/revisions\/30125"}],"wp:featuredmedia":[{"embeddable":true,"href":"https:\/\/www.yungayino.cl\/noticias\/index.php?rest_route=\/wp\/v2\/media\/30124"}],"wp:attachment":[{"href":"https:\/\/www.yungayino.cl\/noticias\/index.php?rest_route=%2Fwp%2Fv2%2Fmedia&parent=30121"}],"wp:term":[{"taxonomy":"category","embeddable":true,"href":"https:\/\/www.yungayino.cl\/noticias\/index.php?rest_route=%2Fwp%2Fv2%2Fcategories&post=30121"},{"taxonomy":"post_tag","embeddable":true,"href":"https:\/\/www.yungayino.cl\/noticias\/index.php?rest_route=%2Fwp%2Fv2%2Ftags&post=30121"}],"curies":[{"name":"wp","href":"https:\/\/api.w.org\/{rel}","templated":true}]}}