{"id":30140,"date":"2024-01-17T07:00:06","date_gmt":"2024-01-17T10:00:06","guid":{"rendered":"https:\/\/www.yungayino.cl\/noticias\/?p=30140"},"modified":"2024-01-05T14:07:50","modified_gmt":"2024-01-05T17:07:50","slug":"camionetas-especializadas-se-suman-a-conaf-nuble-para-la-prevencion-y-combate-de-incendios-forestales","status":"publish","type":"post","link":"https:\/\/www.yungayino.cl\/noticias\/?p=30140","title":{"rendered":"Camionetas Especializadas se Suman a Conaf \u00d1uble Para la Prevenci\u00f3n y Combate de Incendios Forestales"},"content":{"rendered":"<p><img loading=\"lazy\" decoding=\"async\" class=\"alignnone wp-image-30141 size-full\" src=\"https:\/\/www.yungayino.cl\/noticias\/wp-content\/uploads\/2024\/01\/camioneta-conaf-1.jpg\" alt=\"\" width=\"700\" height=\"350\" srcset=\"https:\/\/www.yungayino.cl\/noticias\/wp-content\/uploads\/2024\/01\/camioneta-conaf-1.jpg 700w, https:\/\/www.yungayino.cl\/noticias\/wp-content\/uploads\/2024\/01\/camioneta-conaf-1-300x150.jpg 300w\" sizes=\"auto, (max-width: 700px) 100vw, 700px\" \/><\/p>\n<p style=\"text-align: justify;\">\u00d1uble, enero 2024: Los veh\u00edculos fueron adquiridos gracias al financiamiento del Gobierno Regional en el marco del convenio por m\u00e1s de $650 millones para fortalecer la labor de la instituci\u00f3n en \u00d1uble. A estos equipos se integrar\u00e1 pr\u00f3ximamente un puesto de comando.<\/p>\n<p style=\"text-align: justify;\">Dos nuevas camionetas se suman a Conaf para la prevenci\u00f3n y combate de incendios forestales, gracias a la inversi\u00f3n del Gobierno Regional por m\u00e1s de $290 millones que busca fortalecer la labor de la instituci\u00f3n en \u00d1uble. Los veh\u00edculos especializados fueron entregados por el Gobernador \u00d3scar Cris\u00f3stomo al Director Regional de Conaf, Juan Salvador Ram\u00edrez, y cuentan con equipamiento para trabajos principalmente en zonas de interfaz urbano forestal. Tambi\u00e9n estuvieron presentes en la actividad los consejeros regionales Patricia Vera, Iter Stuardo y Carolina G\u00f3mez.<\/p>\n<p style=\"text-align: justify;\">A lo anterior, se sumar\u00e1 pr\u00f3ximamente la llegada de un puesto de comando con sistema de telecomunicaci\u00f3n, pantallas, entre otros elementos, cuyo monto asciende a m\u00e1s de $366 millones, totalizando una inversi\u00f3n regional para Conaf de m\u00e1s de $650 millones.<\/p>\n<p style=\"text-align: justify;\">El Gobernador Cris\u00f3stomo destac\u00f3 que \u201cestamos haciendo entrega a Conaf de dos camionetas altamente equipadas para que puedan desplazarse en nuestra regi\u00f3n en una \u00e9poca que es tan compleja con los incendios forestales. Como Gobierno Regional estamos comprometidos y trabajando mancomunadamente para enfrentar este tema, recordar que en octubre firmamos el primer protocolo de acuerdo entre Conaf, Bomberos, Corma y distintas instituciones para efectuar acciones coordinadas en la \u00e9poca estival; luego, generamos un plan de apoyo a los municipios donde hemos transferido cerca de $120 millones a cada uno para realizar cortafuegos, mejorar tambi\u00e9n caminos de acceso de emergencia y tener acumuladores de agua; y a finales del a\u00f1o pasado desarrollamos un seminario que congreg\u00f3 a todos los encargados de emergencia de nuestra regi\u00f3n para entregarles mayores capacidades para poder enfrentar adecuadamente las emergencias\u201d.<\/p>\n<p style=\"text-align: justify;\">Asimismo, hizo un llamado a la comunidad \u201ca ser muy preventivos, a no tener actitudes temerarias, que finalmente lo que provocan son incendios que causan da\u00f1o inimaginable en muchos casos, con el fin de que tambi\u00e9n todos seamos part\u00edcipes y tengamos la responsabilidad y la conciencia que aqu\u00ed, si trabajamos mancomunadamente siendo tremendamente preventivos, la cantidad de incendios deber\u00eda disminuir durante esta temporada\u201d.<\/p>\n<p style=\"text-align: justify;\">Por otra parte, el director regional de Conaf, detall\u00f3 que \u201cestas dos camionetas de primera respuesta, que son multiprop\u00f3sito, vienen a fortalecer el trabajo que hace la Conaf, as\u00ed que, desde ya, agradecer al Gobernador su preocupaci\u00f3n y trabajo constante que ha tenido para proteger a \u00d1uble, que se vio sumamente afectada el a\u00f1o pasado, y por supuesto, no queremos que esos episodios nuevamente vuelvan a afectar nuestra regi\u00f3n. Por lo mismo, estos veh\u00edculos van a tener una funci\u00f3n por un lado de prevenci\u00f3n, como tambi\u00e9n de coordinaci\u00f3n y operaciones en combate\u201d.<\/p>\n<p style=\"text-align: justify;\">En relaci\u00f3n al puesto de comando, explic\u00f3 que fue \u201cencargado, viene de Estados Unidos espec\u00edficamente, y\u00a0 al igual que estos veh\u00edculos son de \u00faltima tecnolog\u00eda con equipamiento que viene a fortalecer el trabajo, as\u00ed que estamos sumamente agradecidos y tambi\u00e9n el llamado es a la corresponsabilidad, a tomar conciencia que un incendio forestal afecta a todos por igual, aqu\u00ed todos perdemos y cuando se invierte, a trav\u00e9s del Gobierno Regional, un peso en prevenci\u00f3n es un ahorro de 8 pesos en reconstrucci\u00f3n\u201d.<\/p>\n<p style=\"text-align: justify;\">Del mismo modo, la consejera regional Patricia Vera asegur\u00f3 que los veh\u00edculos \u201cvan a servir mucho, pero si nosotros como ciudadanos no hacemos la prevenci\u00f3n de incendios como corresponde, por mucha tecnolog\u00eda que nosotros entreguemos, no va a ser suficiente, as\u00ed que hago un llamado directamente a la ciudadan\u00eda a prevenir los incendios, apagar velas, colillas de cigarro, a no hacer fogatas donde no corresponda\u201d.<\/p>\n<p style=\"text-align: justify;\">Cabe se\u00f1alar que, seg\u00fan las cifras entregadas por Conaf, a la fecha se registran m\u00e1s de 90 incendios en la regi\u00f3n.<\/p>\n<p><img loading=\"lazy\" decoding=\"async\" class=\"alignnone wp-image-30142 size-full\" src=\"https:\/\/www.yungayino.cl\/noticias\/wp-content\/uploads\/2024\/01\/camioneta-conaf-2.jpg\" alt=\"\" width=\"700\" height=\"466\" srcset=\"https:\/\/www.yungayino.cl\/noticias\/wp-content\/uploads\/2024\/01\/camioneta-conaf-2.jpg 700w, https:\/\/www.yungayino.cl\/noticias\/wp-content\/uploads\/2024\/01\/camioneta-conaf-2-300x200.jpg 300w\" sizes=\"auto, (max-width: 700px) 100vw, 700px\" \/><\/p>\n","protected":false},"excerpt":{"rendered":"<p>\u00d1uble, enero 2024: Los veh\u00edculos fueron adquiridos gracias al financiamiento del Gobierno Regional en el marco del convenio por m\u00e1s de $650 millones para fortalecer la labor de la instituci\u00f3n en \u00d1uble. A estos&#46;&#46;&#46;<\/p>\n","protected":false},"author":2,"featured_media":30141,"comment_status":"closed","ping_status":"closed","sticky":false,"template":"","format":"standard","meta":{"footnotes":""},"categories":[1,32],"tags":[192,1115,2646,8,6,117],"class_list":["post-30140","post","type-post","status-publish","format-standard","has-post-thumbnail","hentry","category-noticias","category-servicios","tag-conaf","tag-noticias","tag-vehiculos","tag-yungay","tag-yungayino","tag-yungayinocl"],"_links":{"self":[{"href":"https:\/\/www.yungayino.cl\/noticias\/index.php?rest_route=\/wp\/v2\/posts\/30140","targetHints":{"allow":["GET"]}}],"collection":[{"href":"https:\/\/www.yungayino.cl\/noticias\/index.php?rest_route=\/wp\/v2\/posts"}],"about":[{"href":"https:\/\/www.yungayino.cl\/noticias\/index.php?rest_route=\/wp\/v2\/types\/post"}],"author":[{"embeddable":true,"href":"https:\/\/www.yungayino.cl\/noticias\/index.php?rest_route=\/wp\/v2\/users\/2"}],"replies":[{"embeddable":true,"href":"https:\/\/www.yungayino.cl\/noticias\/index.php?rest_route=%2Fwp%2Fv2%2Fcomments&post=30140"}],"version-history":[{"count":2,"href":"https:\/\/www.yungayino.cl\/noticias\/index.php?rest_route=\/wp\/v2\/posts\/30140\/revisions"}],"predecessor-version":[{"id":30144,"href":"https:\/\/www.yungayino.cl\/noticias\/index.php?rest_route=\/wp\/v2\/posts\/30140\/revisions\/30144"}],"wp:featuredmedia":[{"embeddable":true,"href":"https:\/\/www.yungayino.cl\/noticias\/index.php?rest_route=\/wp\/v2\/media\/30141"}],"wp:attachment":[{"href":"https:\/\/www.yungayino.cl\/noticias\/index.php?rest_route=%2Fwp%2Fv2%2Fmedia&parent=30140"}],"wp:term":[{"taxonomy":"category","embeddable":true,"href":"https:\/\/www.yungayino.cl\/noticias\/index.php?rest_route=%2Fwp%2Fv2%2Fcategories&post=30140"},{"taxonomy":"post_tag","embeddable":true,"href":"https:\/\/www.yungayino.cl\/noticias\/index.php?rest_route=%2Fwp%2Fv2%2Ftags&post=30140"}],"curies":[{"name":"wp","href":"https:\/\/api.w.org\/{rel}","templated":true}]}}