{"id":30277,"date":"2024-01-26T11:00:48","date_gmt":"2024-01-26T14:00:48","guid":{"rendered":"https:\/\/www.yungayino.cl\/noticias\/?p=30277"},"modified":"2024-01-26T11:21:11","modified_gmt":"2024-01-26T14:21:11","slug":"maxi-vielma-con-saturno-stefan-kramer-y-santaferia-participaron-en-la-semana-yungayina-2024","status":"publish","type":"post","link":"https:\/\/www.yungayino.cl\/noticias\/?p=30277","title":{"rendered":"Maxi Vielma con Saturno, Stefan Kramer y Santaferia Participaron en la Semana Yungayina 2024"},"content":{"rendered":"<p><img loading=\"lazy\" decoding=\"async\" class=\"alignnone wp-image-30278 size-full\" src=\"https:\/\/www.yungayino.cl\/noticias\/wp-content\/uploads\/2024\/01\/portada-10.jpg\" alt=\"\" width=\"700\" height=\"350\" srcset=\"https:\/\/www.yungayino.cl\/noticias\/wp-content\/uploads\/2024\/01\/portada-10.jpg 700w, https:\/\/www.yungayino.cl\/noticias\/wp-content\/uploads\/2024\/01\/portada-10-300x150.jpg 300w\" sizes=\"auto, (max-width: 700px) 100vw, 700px\" \/><\/p>\n<p style=\"text-align: justify;\">Yungay, enero 2024: Con la participaci\u00f3n de la Banda local de <strong>Maxi Vielma con Saturno, <\/strong>el reconocido humorista nacional,<strong> Stefan Kramer <\/strong>y la banda chilena <strong>Santaferia<\/strong> se inici\u00f3 una nueva noche de show, esta vez en el Recinto Trilaleo con motivo de la programaci\u00f3n de la Semana Yungayina 2024 organizada por el Municipio de Yungay, evento totalmente gratis.<\/p>\n<p style=\"text-align: justify;\">Con la animaci\u00f3n de <strong>Camilo Serres<\/strong> acompa\u00f1ado del DJ yungayino <strong>Alexander Salazar <\/strong>y la puesta escenogr\u00e1fica y sonido de gran nivel a cargo de la Productora MATHIEU, siendo las 22:00 horas y ante un gran marco de p\u00fablico subi\u00f3 al escenario Maxi Vielma con Saturno, banda local que conquisto los corazones de los presentes con su talento y energ\u00eda \u00fanica.<\/p>\n<p style=\"text-align: justify;\">Stefan Kramer fue el encargado de hacer re\u00edr al p\u00fablico, qui\u00e9n realiz\u00f3 un impecable show lleno de imitaciones y mucha diversi\u00f3n interactuando en todo momento con los presentes.<\/p>\n<p style=\"text-align: justify;\">Finalmente cerraron la noche Santaferia, quienes subieron al escenario ante un p\u00fablico euf\u00f3rico que los esperaba coreando y bailando sus canciones de letras cotidianas y rom\u00e1nticas que reflejan al ciudadano com\u00fan que le encanta la cumbia, rock, punk y ritmos latinoamericanos, fue as\u00ed que grandes y peque\u00f1os disfrutaron de un muy buen espect\u00e1culo.<\/p>\n<p>&nbsp;<\/p>\n<p style=\"text-align: center;\"><strong>FOTOGRAF\u00cdAS:<\/strong><\/p>\n<p style=\"text-align: center;\"><iframe loading=\"lazy\" style=\"border: none; overflow: hidden;\" src=\"https:\/\/www.facebook.com\/plugins\/post.php?href=https%3A%2F%2Fwww.facebook.com%2Fyungayino.cl%2Fposts%2Fpfbid02sDpSKqE6yATV26XcfM1QUULFSAURwM4cv1gU9CMuv8Z77HvgZ9VCBbapvEYabQMUl&amp;show_text=true&amp;width=500\" width=\"500\" height=\"848\" frameborder=\"0\" scrolling=\"no\" allowfullscreen=\"allowfullscreen\"><\/iframe><\/p>\n","protected":false},"excerpt":{"rendered":"<p>Yungay, enero 2024: Con la participaci\u00f3n de la Banda local de Maxi Vielma con Saturno, el reconocido humorista nacional, Stefan Kramer y la banda chilena Santaferia se inici\u00f3 una nueva noche de show, esta&#46;&#46;&#46;<\/p>\n","protected":false},"author":2,"featured_media":30278,"comment_status":"closed","ping_status":"closed","sticky":false,"template":"","format":"standard","meta":{"footnotes":""},"categories":[5,1],"tags":[3103,3102,1115,2155,2159,8,6,117],"class_list":["post-30277","post","type-post","status-publish","format-standard","has-post-thumbnail","hentry","category-eventos","category-noticias","tag-kramer","tag-maxi-vielma","tag-noticias","tag-santaferia","tag-saturno","tag-yungay","tag-yungayino","tag-yungayinocl"],"_links":{"self":[{"href":"https:\/\/www.yungayino.cl\/noticias\/index.php?rest_route=\/wp\/v2\/posts\/30277","targetHints":{"allow":["GET"]}}],"collection":[{"href":"https:\/\/www.yungayino.cl\/noticias\/index.php?rest_route=\/wp\/v2\/posts"}],"about":[{"href":"https:\/\/www.yungayino.cl\/noticias\/index.php?rest_route=\/wp\/v2\/types\/post"}],"author":[{"embeddable":true,"href":"https:\/\/www.yungayino.cl\/noticias\/index.php?rest_route=\/wp\/v2\/users\/2"}],"replies":[{"embeddable":true,"href":"https:\/\/www.yungayino.cl\/noticias\/index.php?rest_route=%2Fwp%2Fv2%2Fcomments&post=30277"}],"version-history":[{"count":4,"href":"https:\/\/www.yungayino.cl\/noticias\/index.php?rest_route=\/wp\/v2\/posts\/30277\/revisions"}],"predecessor-version":[{"id":30282,"href":"https:\/\/www.yungayino.cl\/noticias\/index.php?rest_route=\/wp\/v2\/posts\/30277\/revisions\/30282"}],"wp:featuredmedia":[{"embeddable":true,"href":"https:\/\/www.yungayino.cl\/noticias\/index.php?rest_route=\/wp\/v2\/media\/30278"}],"wp:attachment":[{"href":"https:\/\/www.yungayino.cl\/noticias\/index.php?rest_route=%2Fwp%2Fv2%2Fmedia&parent=30277"}],"wp:term":[{"taxonomy":"category","embeddable":true,"href":"https:\/\/www.yungayino.cl\/noticias\/index.php?rest_route=%2Fwp%2Fv2%2Fcategories&post=30277"},{"taxonomy":"post_tag","embeddable":true,"href":"https:\/\/www.yungayino.cl\/noticias\/index.php?rest_route=%2Fwp%2Fv2%2Ftags&post=30277"}],"curies":[{"name":"wp","href":"https:\/\/api.w.org\/{rel}","templated":true}]}}