{"id":30313,"date":"2024-01-30T07:00:16","date_gmt":"2024-01-30T10:00:16","guid":{"rendered":"https:\/\/www.yungayino.cl\/noticias\/?p=30313"},"modified":"2024-02-05T20:11:32","modified_gmt":"2024-02-05T23:11:32","slug":"cabalgata-con-los-peucanos-en-familia","status":"publish","type":"post","link":"https:\/\/www.yungayino.cl\/noticias\/?p=30313","title":{"rendered":"Cabalgata Con Los Peucanos en Familia"},"content":{"rendered":"<p><img loading=\"lazy\" decoding=\"async\" class=\"alignnone wp-image-30310 size-full\" src=\"https:\/\/www.yungayino.cl\/noticias\/wp-content\/uploads\/2024\/01\/01-enero-cabalgata-peucanos-e1706657940259.jpg\" alt=\"\" width=\"700\" height=\"875\" \/><\/p>\n<p style=\"text-align: justify;\">Yungay, enero 2024: El s\u00e1bado 10 de febrero desde las 11 de la ma\u00f1ana, se llevar\u00e1 a cabo la Cabalgata con los Peucanos en Familia, en el Rancho San Pedro, Sector Pedregal, Yungay.<\/p>\n<p style=\"text-align: justify;\">Los asistentes podr\u00e1n disfrutar de variedad de stands, juegos ecuestres, artistas, comidas y mucho m\u00e1s.<\/p>\n<p style=\"text-align: justify;\">Participe en familia de un d\u00eda de actividades organizadas por la Agrupaci\u00f3n Los Peucanos de nuestra comuna.<\/p>\n<p style=\"text-align: justify;\">La entrada es liberada, y est\u00e1 programada hasta las 02:00 de la madrugada.<\/p>\n<p>&nbsp;<\/p>\n<p><img loading=\"lazy\" decoding=\"async\" class=\"wp-image-30358 size-full aligncenter\" src=\"https:\/\/www.yungayino.cl\/noticias\/wp-content\/uploads\/2024\/01\/5-febrero-peucanos-2-e1707174675667.jpg\" alt=\"\" width=\"700\" height=\"734\" \/><\/p>\n","protected":false},"excerpt":{"rendered":"<p>Yungay, enero 2024: El s\u00e1bado 10 de febrero desde las 11 de la ma\u00f1ana, se llevar\u00e1 a cabo la Cabalgata con los Peucanos en Familia, en el Rancho San Pedro, Sector Pedregal, Yungay. Los&#46;&#46;&#46;<\/p>\n","protected":false},"author":2,"featured_media":30310,"comment_status":"closed","ping_status":"closed","sticky":false,"template":"","format":"standard","meta":{"footnotes":""},"categories":[5,1],"tags":[3111,1115,3110,8,6,117],"class_list":["post-30313","post","type-post","status-publish","format-standard","has-post-thumbnail","hentry","category-eventos","category-noticias","tag-cabalgata","tag-noticias","tag-peucanos","tag-yungay","tag-yungayino","tag-yungayinocl"],"_links":{"self":[{"href":"https:\/\/www.yungayino.cl\/noticias\/index.php?rest_route=\/wp\/v2\/posts\/30313","targetHints":{"allow":["GET"]}}],"collection":[{"href":"https:\/\/www.yungayino.cl\/noticias\/index.php?rest_route=\/wp\/v2\/posts"}],"about":[{"href":"https:\/\/www.yungayino.cl\/noticias\/index.php?rest_route=\/wp\/v2\/types\/post"}],"author":[{"embeddable":true,"href":"https:\/\/www.yungayino.cl\/noticias\/index.php?rest_route=\/wp\/v2\/users\/2"}],"replies":[{"embeddable":true,"href":"https:\/\/www.yungayino.cl\/noticias\/index.php?rest_route=%2Fwp%2Fv2%2Fcomments&post=30313"}],"version-history":[{"count":5,"href":"https:\/\/www.yungayino.cl\/noticias\/index.php?rest_route=\/wp\/v2\/posts\/30313\/revisions"}],"predecessor-version":[{"id":30323,"href":"https:\/\/www.yungayino.cl\/noticias\/index.php?rest_route=\/wp\/v2\/posts\/30313\/revisions\/30323"}],"wp:featuredmedia":[{"embeddable":true,"href":"https:\/\/www.yungayino.cl\/noticias\/index.php?rest_route=\/wp\/v2\/media\/30310"}],"wp:attachment":[{"href":"https:\/\/www.yungayino.cl\/noticias\/index.php?rest_route=%2Fwp%2Fv2%2Fmedia&parent=30313"}],"wp:term":[{"taxonomy":"category","embeddable":true,"href":"https:\/\/www.yungayino.cl\/noticias\/index.php?rest_route=%2Fwp%2Fv2%2Fcategories&post=30313"},{"taxonomy":"post_tag","embeddable":true,"href":"https:\/\/www.yungayino.cl\/noticias\/index.php?rest_route=%2Fwp%2Fv2%2Ftags&post=30313"}],"curies":[{"name":"wp","href":"https:\/\/api.w.org\/{rel}","templated":true}]}}