{"id":3032,"date":"2010-02-08T10:00:17","date_gmt":"2010-02-08T14:00:17","guid":{"rendered":"http:\/\/www.yungayino.cl\/noticias\/?p=3032"},"modified":"2010-02-09T11:01:29","modified_gmt":"2010-02-09T15:01:29","slug":"noche-final-de-la-octava-feria-costumbrista-yungay-2010","status":"publish","type":"post","link":"https:\/\/www.yungayino.cl\/noticias\/?p=3032","title":{"rendered":"Noche Final de la Octava Feria Costumbrista Yungay 2010"},"content":{"rendered":"<p><img decoding=\"async\" src=\"http:\/\/www.yungayino.cl\/imagenes\/temucano.jpg\" alt=\"Noche Final de la Octava Feria Costumbrista 2010\" \/><\/p>\n<p align=\"justify\"><font size=\"2\">Yungay, en el Gimnasio del Multiuso se llevo a cabo el \u00faltimo show de la octava feria costumbrista y ante un lleno total de p\u00fablico que pudo disfrutar de un excelente espect\u00e1culo que se dio inicio con la actuaci\u00f3n de \u201cDon Delfa\u201d, para luego continuar con Tito Fern\u00e1ndez m\u00e1s conocido como \u201cEl Temucano\u201d y finalmente terminar con todo el ritmo de \u201cLos Halcones Negros\u201d. Cabe recordar que esta Feria Costumbrista obedece principalmente a una iniciativa emprendedora de un grupo de personas con visi\u00f3n de futuro y que con el compromiso de promover, desarrollar, proyectar y difundir la producci\u00f3n local, provincial, regional y nacional de nuestras manifestaciones culturales, econ\u00f3micas y sociales.<br \/>\n<a href=\"http:\/\/www.yungayino.cl\/noticias\/?p=3032#comments\">Comente Aqui<\/a><br \/>\n<a href=\"http:\/\/www.flickr.com\/photos\/47355566@N02\/tags\/nochefinalferiacostumbrista\/\">Fotograf\u00edas<\/a><\/font><\/p>\n","protected":false},"excerpt":{"rendered":"<p>Yungay, en el Gimnasio del Multiuso se llevo a cabo el \u00faltimo show de la octava feria costumbrista y ante un lleno total de p\u00fablico que pudo disfrutar de un excelente espect\u00e1culo que se&#46;&#46;&#46;<\/p>\n","protected":false},"author":2,"featured_media":15239,"comment_status":"open","ping_status":"open","sticky":false,"template":"","format":"standard","meta":{"footnotes":""},"categories":[1],"tags":[157,1115,163,8,6],"class_list":["post-3032","post","type-post","status-publish","format-standard","has-post-thumbnail","hentry","category-noticias","tag-feria-costumbrista-yungay-2010","tag-noticias","tag-temucano","tag-yungay","tag-yungayino"],"_links":{"self":[{"href":"https:\/\/www.yungayino.cl\/noticias\/index.php?rest_route=\/wp\/v2\/posts\/3032","targetHints":{"allow":["GET"]}}],"collection":[{"href":"https:\/\/www.yungayino.cl\/noticias\/index.php?rest_route=\/wp\/v2\/posts"}],"about":[{"href":"https:\/\/www.yungayino.cl\/noticias\/index.php?rest_route=\/wp\/v2\/types\/post"}],"author":[{"embeddable":true,"href":"https:\/\/www.yungayino.cl\/noticias\/index.php?rest_route=\/wp\/v2\/users\/2"}],"replies":[{"embeddable":true,"href":"https:\/\/www.yungayino.cl\/noticias\/index.php?rest_route=%2Fwp%2Fv2%2Fcomments&post=3032"}],"version-history":[{"count":6,"href":"https:\/\/www.yungayino.cl\/noticias\/index.php?rest_route=\/wp\/v2\/posts\/3032\/revisions"}],"predecessor-version":[{"id":3040,"href":"https:\/\/www.yungayino.cl\/noticias\/index.php?rest_route=\/wp\/v2\/posts\/3032\/revisions\/3040"}],"wp:featuredmedia":[{"embeddable":true,"href":"https:\/\/www.yungayino.cl\/noticias\/index.php?rest_route=\/wp\/v2\/media\/15239"}],"wp:attachment":[{"href":"https:\/\/www.yungayino.cl\/noticias\/index.php?rest_route=%2Fwp%2Fv2%2Fmedia&parent=3032"}],"wp:term":[{"taxonomy":"category","embeddable":true,"href":"https:\/\/www.yungayino.cl\/noticias\/index.php?rest_route=%2Fwp%2Fv2%2Fcategories&post=3032"},{"taxonomy":"post_tag","embeddable":true,"href":"https:\/\/www.yungayino.cl\/noticias\/index.php?rest_route=%2Fwp%2Fv2%2Ftags&post=3032"}],"curies":[{"name":"wp","href":"https:\/\/api.w.org\/{rel}","templated":true}]}}