{"id":30333,"date":"2024-02-01T07:00:09","date_gmt":"2024-02-01T10:00:09","guid":{"rendered":"https:\/\/www.yungayino.cl\/noticias\/?p=30333"},"modified":"2024-01-31T13:50:54","modified_gmt":"2024-01-31T16:50:54","slug":"lanzamiento-del-proyecto-de-alarmas-comunitarias-en-junta-de-vecinos-valle-templado","status":"publish","type":"post","link":"https:\/\/www.yungayino.cl\/noticias\/?p=30333","title":{"rendered":"Lanzamiento del Proyecto de Alarmas Comunitarias en Junta de Vecinos Valle Templado"},"content":{"rendered":"<p><img loading=\"lazy\" decoding=\"async\" class=\"alignnone wp-image-30334 size-full\" src=\"https:\/\/www.yungayino.cl\/noticias\/wp-content\/uploads\/2024\/01\/alarmas-comunitarias.jpg\" alt=\"\" width=\"700\" height=\"350\" srcset=\"https:\/\/www.yungayino.cl\/noticias\/wp-content\/uploads\/2024\/01\/alarmas-comunitarias.jpg 700w, https:\/\/www.yungayino.cl\/noticias\/wp-content\/uploads\/2024\/01\/alarmas-comunitarias-300x150.jpg 300w\" sizes=\"auto, (max-width: 700px) 100vw, 700px\" \/><\/p>\n<p style=\"text-align: justify;\">Yungay, febrero 2024: En una muestra de compromiso con la seguridad de su comunidad, la Junta de Vecinos Valle Templado celebr\u00f3 con \u00e9xito el lanzamiento de su proyecto de alarmas comunitarias. Este proyecto, que contar\u00e1 con 10 alarmas equipadas con sirenas de alta potencia y 100 sensores, promete brindar una sensaci\u00f3n de seguridad a todos los vecinos, en especial a los adultos mayores.<\/p>\n<p style=\"text-align: justify;\">El evento, que tuvo lugar en la sede de la junta de vecinos, cont\u00f3 con la destacada participaci\u00f3n de autoridades locales y de Carabineros de Chile, quienes ofrecieron una charla informativa sobre los diferentes tipos de delitos y brindaron consejos pr\u00e1cticos para prevenirlos. Esta iniciativa educativa fue recibida con gran inter\u00e9s por parte de los asistentes, quienes valoraron la oportunidad de estar m\u00e1s informados y preparados para enfrentar situaciones de riesgo.<\/p>\n<p style=\"text-align: justify;\">Adem\u00e1s, durante el lanzamiento, una asistente social tom\u00f3 la palabra para compartir importantes tips y estrategias destinadas a fortalecer la uni\u00f3n y la solidaridad entre los miembros de la comunidad. Estas recomendaciones, que van desde la organizaci\u00f3n de actividades comunitarias hasta la creaci\u00f3n de redes de apoyo vecinal, fueron recibidas con entusiasmo por parte de los presentes, quienes se comprometieron a ponerlas en pr\u00e1ctica para fortalecer el tejido social de Valle Templado.<\/p>\n<p style=\"text-align: justify;\">Asimismo, el administrador municipal resalt\u00f3 el compromiso del municipio en apoyar proyectos que contribuyan al desarrollo y la seguridad de las distintas localidades de la comuna. \u201cDesde el municipio, estamos comprometidos en seguir trabajando de la mano con las juntas de vecinos y la comunidad en general para impulsar iniciativas que mejoren la calidad de vida de nuestros vecinos y fortalezcan el tejido social de nuestra comuna\u201d, agreg\u00f3 el administrador, Cristopher Reyes.<\/p>\n<p style=\"text-align: justify;\">El proyecto de alarmas comunitarias, que cuenta con el apoyo y financiamiento del Gobierno Regional a trav\u00e9s del 8% del Fondo Nacional de Desarrollo Regional, representa un importante paso hacia la construcci\u00f3n de una comunidad m\u00e1s segura y unida. Con estas medidas de prevenci\u00f3n y el compromiso de sus habitantes, Valle Templado se posiciona como un ejemplo de trabajo colaborativo y solidario en pro del bienestar com\u00fan.<\/p>\n","protected":false},"excerpt":{"rendered":"<p>Yungay, febrero 2024: En una muestra de compromiso con la seguridad de su comunidad, la Junta de Vecinos Valle Templado celebr\u00f3 con \u00e9xito el lanzamiento de su proyecto de alarmas comunitarias. Este proyecto, que&#46;&#46;&#46;<\/p>\n","protected":false},"author":2,"featured_media":30334,"comment_status":"closed","ping_status":"closed","sticky":false,"template":"","format":"standard","meta":{"footnotes":""},"categories":[1,32,2567],"tags":[2784,1606,1115,2554,8,6,117],"class_list":["post-30333","post","type-post","status-publish","format-standard","has-post-thumbnail","hentry","category-noticias","category-servicios","category-social","tag-alarmas-comunitarias","tag-junta-de-vecinos","tag-noticias","tag-valle-templado","tag-yungay","tag-yungayino","tag-yungayinocl"],"_links":{"self":[{"href":"https:\/\/www.yungayino.cl\/noticias\/index.php?rest_route=\/wp\/v2\/posts\/30333","targetHints":{"allow":["GET"]}}],"collection":[{"href":"https:\/\/www.yungayino.cl\/noticias\/index.php?rest_route=\/wp\/v2\/posts"}],"about":[{"href":"https:\/\/www.yungayino.cl\/noticias\/index.php?rest_route=\/wp\/v2\/types\/post"}],"author":[{"embeddable":true,"href":"https:\/\/www.yungayino.cl\/noticias\/index.php?rest_route=\/wp\/v2\/users\/2"}],"replies":[{"embeddable":true,"href":"https:\/\/www.yungayino.cl\/noticias\/index.php?rest_route=%2Fwp%2Fv2%2Fcomments&post=30333"}],"version-history":[{"count":1,"href":"https:\/\/www.yungayino.cl\/noticias\/index.php?rest_route=\/wp\/v2\/posts\/30333\/revisions"}],"predecessor-version":[{"id":30335,"href":"https:\/\/www.yungayino.cl\/noticias\/index.php?rest_route=\/wp\/v2\/posts\/30333\/revisions\/30335"}],"wp:featuredmedia":[{"embeddable":true,"href":"https:\/\/www.yungayino.cl\/noticias\/index.php?rest_route=\/wp\/v2\/media\/30334"}],"wp:attachment":[{"href":"https:\/\/www.yungayino.cl\/noticias\/index.php?rest_route=%2Fwp%2Fv2%2Fmedia&parent=30333"}],"wp:term":[{"taxonomy":"category","embeddable":true,"href":"https:\/\/www.yungayino.cl\/noticias\/index.php?rest_route=%2Fwp%2Fv2%2Fcategories&post=30333"},{"taxonomy":"post_tag","embeddable":true,"href":"https:\/\/www.yungayino.cl\/noticias\/index.php?rest_route=%2Fwp%2Fv2%2Ftags&post=30333"}],"curies":[{"name":"wp","href":"https:\/\/api.w.org\/{rel}","templated":true}]}}