{"id":30409,"date":"2024-02-17T14:00:28","date_gmt":"2024-02-17T17:00:28","guid":{"rendered":"https:\/\/www.yungayino.cl\/noticias\/?p=30409"},"modified":"2024-02-17T14:19:22","modified_gmt":"2024-02-17T17:19:22","slug":"los-de-la-canada-club-de-cueca-jose-erpel-los-cuatreros-del-folclor-y-sol-y-lluvia-en-feria-costumbrista-en-yungay","status":"publish","type":"post","link":"https:\/\/www.yungayino.cl\/noticias\/?p=30409","title":{"rendered":"Los de la Ca\u00f1ada, Club de Cueca Jos\u00e9 Erpel, Los Cuatreros del Folclor y Sol y Lluvia en Feria Costumbrista en Yungay"},"content":{"rendered":"<p><img loading=\"lazy\" decoding=\"async\" class=\"alignnone wp-image-30410 size-full\" src=\"https:\/\/www.yungayino.cl\/noticias\/wp-content\/uploads\/2024\/02\/portada-4.jpg\" alt=\"\" width=\"700\" height=\"350\" srcset=\"https:\/\/www.yungayino.cl\/noticias\/wp-content\/uploads\/2024\/02\/portada-4.jpg 700w, https:\/\/www.yungayino.cl\/noticias\/wp-content\/uploads\/2024\/02\/portada-4-300x150.jpg 300w\" sizes=\"auto, (max-width: 700px) 100vw, 700px\" \/><\/p>\n<p style=\"text-align: justify;\">Yungay, febrero 2024: Una nueva jornada de la XX Feria Costumbrista de Yungay se llev\u00f3 a cabo este viernes 16 de febrero, la cual cont\u00f3 con la animaci\u00f3n de <strong>Camilo Serres, <\/strong>qui\u00e9n present\u00f3 en primer lugar al Grupo Yungayino <strong>\u201cLos de la Ca\u00f1ada<\/strong>, quienes con su talento musical nos deleitaron con sus cuecas, las cuales fueron bailadas por el p\u00fablico.<\/p>\n<p style=\"text-align: justify;\">Luego subi\u00f3 al escenario el <strong>\u201cClub de Cueca Jos\u00e9 Erpel Rubio\u201d <\/strong>de Nacimiento, club que est\u00e1 compuesto por m\u00e1s de 70 integrantes en diferentes categor\u00edas, quienes realizaron una impecable presentaci\u00f3n en el escenario de diferentes danzas y bailes latinoamericanos, los cuales fueron retribuidos con aplausos por el p\u00fablico.<\/p>\n<p style=\"text-align: justify;\">La picard\u00eda y el humor de nuestro folclor nacional tambi\u00e9n estuvo presente en la feria costumbrista, la cual estuvo a cargo de los \u201c<strong>Cuatreros del Folclor<\/strong>\u201d, quienes con sus historias llenas de picard\u00eda y versos alegres interactuaron con el p\u00fablico tocando y cantando corridos y cuecas.<\/p>\n<p style=\"text-align: justify;\">Finalmente se present\u00f3 la legendaria banda chilena <strong>\u201cSol y Lluvia\u201d<\/strong> liderada por <strong>Amaro Labra<\/strong>, vocalista y guitarrista principal, quienes realizaron una impecable presentaci\u00f3n haciendo un recorrido de lo mejor de sus 45 a\u00f1os de trayectoria y de compromiso musical y activismo social.<\/p>\n<p>&nbsp;<\/p>\n<p style=\"text-align: center;\"><strong>FOTOGRAF\u00cdAS:<\/strong><\/p>\n<p style=\"text-align: center;\"><iframe loading=\"lazy\" style=\"border: none; overflow: hidden;\" src=\"https:\/\/www.facebook.com\/plugins\/post.php?href=https%3A%2F%2Fwww.facebook.com%2Fyungayino.cl%2Fposts%2Fpfbid0wLtkNWnqx8TGGRrHasnJUqMU6vGAGxFMWqaBTNVDgmVzp4NzysT887vN2kXK1diXl&amp;show_text=true&amp;width=500\" width=\"500\" height=\"848\" frameborder=\"0\" scrolling=\"no\" allowfullscreen=\"allowfullscreen\"><\/iframe><\/p>\n<p>&nbsp;<\/p>\n<p><img loading=\"lazy\" decoding=\"async\" class=\"wp-image-30389 size-full aligncenter\" src=\"https:\/\/www.yungayino.cl\/noticias\/wp-content\/uploads\/2024\/02\/13-febrero-feria-costumbrista-programa-e1707873990898.jpg\" alt=\"\" width=\"700\" height=\"747\" \/><\/p>\n","protected":false},"excerpt":{"rendered":"<p>Yungay, febrero 2024: Una nueva jornada de la XX Feria Costumbrista de Yungay se llev\u00f3 a cabo este viernes 16 de febrero, la cual cont\u00f3 con la animaci\u00f3n de Camilo Serres, qui\u00e9n present\u00f3 en&#46;&#46;&#46;<\/p>\n","protected":false},"author":2,"featured_media":30410,"comment_status":"closed","ping_status":"closed","sticky":false,"template":"","format":"standard","meta":{"footnotes":""},"categories":[5,1],"tags":[3125,3126,24,3124,1115,1254,8,6,117],"class_list":["post-30409","post","type-post","status-publish","format-standard","has-post-thumbnail","hentry","category-eventos","category-noticias","tag-club-de-cueca-jose-erpel-rubio","tag-cuatreros-del-folclor","tag-feria-costumbrista","tag-los-de-la-canada","tag-noticias","tag-sol-y-lluvia","tag-yungay","tag-yungayino","tag-yungayinocl"],"_links":{"self":[{"href":"https:\/\/www.yungayino.cl\/noticias\/index.php?rest_route=\/wp\/v2\/posts\/30409","targetHints":{"allow":["GET"]}}],"collection":[{"href":"https:\/\/www.yungayino.cl\/noticias\/index.php?rest_route=\/wp\/v2\/posts"}],"about":[{"href":"https:\/\/www.yungayino.cl\/noticias\/index.php?rest_route=\/wp\/v2\/types\/post"}],"author":[{"embeddable":true,"href":"https:\/\/www.yungayino.cl\/noticias\/index.php?rest_route=\/wp\/v2\/users\/2"}],"replies":[{"embeddable":true,"href":"https:\/\/www.yungayino.cl\/noticias\/index.php?rest_route=%2Fwp%2Fv2%2Fcomments&post=30409"}],"version-history":[{"count":4,"href":"https:\/\/www.yungayino.cl\/noticias\/index.php?rest_route=\/wp\/v2\/posts\/30409\/revisions"}],"predecessor-version":[{"id":30414,"href":"https:\/\/www.yungayino.cl\/noticias\/index.php?rest_route=\/wp\/v2\/posts\/30409\/revisions\/30414"}],"wp:featuredmedia":[{"embeddable":true,"href":"https:\/\/www.yungayino.cl\/noticias\/index.php?rest_route=\/wp\/v2\/media\/30410"}],"wp:attachment":[{"href":"https:\/\/www.yungayino.cl\/noticias\/index.php?rest_route=%2Fwp%2Fv2%2Fmedia&parent=30409"}],"wp:term":[{"taxonomy":"category","embeddable":true,"href":"https:\/\/www.yungayino.cl\/noticias\/index.php?rest_route=%2Fwp%2Fv2%2Fcategories&post=30409"},{"taxonomy":"post_tag","embeddable":true,"href":"https:\/\/www.yungayino.cl\/noticias\/index.php?rest_route=%2Fwp%2Fv2%2Ftags&post=30409"}],"curies":[{"name":"wp","href":"https:\/\/api.w.org\/{rel}","templated":true}]}}