{"id":30416,"date":"2024-02-19T19:00:26","date_gmt":"2024-02-19T22:00:26","guid":{"rendered":"https:\/\/www.yungayino.cl\/noticias\/?p=30416"},"modified":"2024-02-20T19:52:35","modified_gmt":"2024-02-20T22:52:35","slug":"ultima-jornada-de-la-xx-feria-costumbrista-de-yungay","status":"publish","type":"post","link":"https:\/\/www.yungayino.cl\/noticias\/?p=30416","title":{"rendered":"\u00daltima Jornada De La XX Feria Costumbrista De Yungay"},"content":{"rendered":"<p><img loading=\"lazy\" decoding=\"async\" class=\"alignnone wp-image-30417 size-full\" src=\"https:\/\/www.yungayino.cl\/noticias\/wp-content\/uploads\/2024\/02\/PORTADA-5.jpg\" alt=\"\" width=\"700\" height=\"350\" srcset=\"https:\/\/www.yungayino.cl\/noticias\/wp-content\/uploads\/2024\/02\/PORTADA-5.jpg 700w, https:\/\/www.yungayino.cl\/noticias\/wp-content\/uploads\/2024\/02\/PORTADA-5-300x150.jpg 300w\" sizes=\"auto, (max-width: 700px) 100vw, 700px\" \/><\/p>\n<p style=\"text-align: justify;\">Yungay, febrero 2024: El s\u00e1bado 17 de febrero se realizaron las \u00faltimas presentaciones art\u00edsticas en la XX Feria Costumbrista de Yungay.<\/p>\n<p style=\"text-align: justify;\">En esta jornada de cierre se presentaron La Agrupaci\u00f3n Cantares de Yungay, este conjunto folcl\u00f3rico conformado por yungayjnos y yungayinas realiz\u00f3 una impecable presentaci\u00f3n, siendo muy aplaudidos.<\/p>\n<p style=\"text-align: justify;\">Tambi\u00e9n se presentaron la agrupaci\u00f3n de adultos mayores Andalic\u00e1n, integrada por adultos mayores de nuestra comuna, quienes hicieron participar al p\u00fablico con sus bailes.<\/p>\n<p style=\"text-align: justify;\">Adem\u00e1s, la agrupaci\u00f3n Folcl\u00f3rica BAFOLCA, compuesta por j\u00f3venes y adultos pertenecientes a la comuna de cabrero, mostraron un lindo espect\u00e1culo.<\/p>\n<p style=\"text-align: justify;\">El grupo Trovas\u00f3n, subi\u00f3 al escenario y fueron los encargados de finalizar las presentaciones en la XX Feria Costumbrista en nuestra comuna.<\/p>\n<p>&nbsp;<\/p>\n<p>&nbsp;<\/p>\n<p style=\"text-align: center;\"><strong>FOTOGRAF\u00cdAS:<\/strong><\/p>\n<p style=\"text-align: center;\"><iframe loading=\"lazy\" style=\"border: none; overflow: hidden;\" src=\"https:\/\/www.facebook.com\/plugins\/post.php?href=https%3A%2F%2Fwww.facebook.com%2Fyungayino.cl%2Fposts%2Fpfbid0W1UPuo2jw9rRXWvM9igQLFeJeF4XfWbR1QLYReuRmrNPUnaRAmjQvdpDrrvK87DKl&amp;show_text=true&amp;width=500\" width=\"500\" height=\"771\" frameborder=\"0\" scrolling=\"no\" allowfullscreen=\"allowfullscreen\"><\/iframe><\/p>\n","protected":false},"excerpt":{"rendered":"<p>Yungay, febrero 2024: El s\u00e1bado 17 de febrero se realizaron las \u00faltimas presentaciones art\u00edsticas en la XX Feria Costumbrista de Yungay. En esta jornada de cierre se presentaron La Agrupaci\u00f3n Cantares de Yungay, este&#46;&#46;&#46;<\/p>\n","protected":false},"author":2,"featured_media":30417,"comment_status":"closed","ping_status":"closed","sticky":false,"template":"","format":"standard","meta":{"footnotes":""},"categories":[5,1],"tags":[883,3127,60,24,1115,3128,8,6,117],"class_list":["post-30416","post","type-post","status-publish","format-standard","has-post-thumbnail","hentry","category-eventos","category-noticias","tag-andalican","tag-bafolca","tag-cantares-de-yungay","tag-feria-costumbrista","tag-noticias","tag-trovason","tag-yungay","tag-yungayino","tag-yungayinocl"],"_links":{"self":[{"href":"https:\/\/www.yungayino.cl\/noticias\/index.php?rest_route=\/wp\/v2\/posts\/30416","targetHints":{"allow":["GET"]}}],"collection":[{"href":"https:\/\/www.yungayino.cl\/noticias\/index.php?rest_route=\/wp\/v2\/posts"}],"about":[{"href":"https:\/\/www.yungayino.cl\/noticias\/index.php?rest_route=\/wp\/v2\/types\/post"}],"author":[{"embeddable":true,"href":"https:\/\/www.yungayino.cl\/noticias\/index.php?rest_route=\/wp\/v2\/users\/2"}],"replies":[{"embeddable":true,"href":"https:\/\/www.yungayino.cl\/noticias\/index.php?rest_route=%2Fwp%2Fv2%2Fcomments&post=30416"}],"version-history":[{"count":4,"href":"https:\/\/www.yungayino.cl\/noticias\/index.php?rest_route=\/wp\/v2\/posts\/30416\/revisions"}],"predecessor-version":[{"id":30421,"href":"https:\/\/www.yungayino.cl\/noticias\/index.php?rest_route=\/wp\/v2\/posts\/30416\/revisions\/30421"}],"wp:featuredmedia":[{"embeddable":true,"href":"https:\/\/www.yungayino.cl\/noticias\/index.php?rest_route=\/wp\/v2\/media\/30417"}],"wp:attachment":[{"href":"https:\/\/www.yungayino.cl\/noticias\/index.php?rest_route=%2Fwp%2Fv2%2Fmedia&parent=30416"}],"wp:term":[{"taxonomy":"category","embeddable":true,"href":"https:\/\/www.yungayino.cl\/noticias\/index.php?rest_route=%2Fwp%2Fv2%2Fcategories&post=30416"},{"taxonomy":"post_tag","embeddable":true,"href":"https:\/\/www.yungayino.cl\/noticias\/index.php?rest_route=%2Fwp%2Fv2%2Ftags&post=30416"}],"curies":[{"name":"wp","href":"https:\/\/api.w.org\/{rel}","templated":true}]}}