{"id":30422,"date":"2024-02-20T19:00:47","date_gmt":"2024-02-20T22:00:47","guid":{"rendered":"https:\/\/www.yungayino.cl\/noticias\/?p=30422"},"modified":"2024-02-20T19:54:16","modified_gmt":"2024-02-20T22:54:16","slug":"alcalde-recibio-visita-protocolar-de-la-seremi-de-la-mujer-y-equidad-de-genero","status":"publish","type":"post","link":"https:\/\/www.yungayino.cl\/noticias\/?p=30422","title":{"rendered":"Alcalde Recibi\u00f3 Visita Protocolar De La Seremi De La Mujer y Equidad de G\u00e9nero"},"content":{"rendered":"<p><img loading=\"lazy\" decoding=\"async\" class=\"alignnone wp-image-30423 size-full\" src=\"https:\/\/www.yungayino.cl\/noticias\/wp-content\/uploads\/2024\/02\/visita-seremi-mujer-foto-interior.jpg\" alt=\"\" width=\"700\" height=\"410\" srcset=\"https:\/\/www.yungayino.cl\/noticias\/wp-content\/uploads\/2024\/02\/visita-seremi-mujer-foto-interior.jpg 700w, https:\/\/www.yungayino.cl\/noticias\/wp-content\/uploads\/2024\/02\/visita-seremi-mujer-foto-interior-300x176.jpg 300w\" sizes=\"auto, (max-width: 700px) 100vw, 700px\" \/><\/p>\n<p style=\"text-align: justify;\">Yungay, febrero 2024: Este lunes, el alcalde Rafael Cifuentes Rodr\u00edguez recibi\u00f3 la visita protocolar de la seremi de la mujer y equidad de g\u00e9nero, Constanza S\u00e1nchez Carvajal.<\/p>\n<p style=\"text-align: justify;\">Durante esta significativa reuni\u00f3n, las autoridades tuvieron la oportunidad de visitar dos importantes iniciativas en nuestra comuna: el Centro Integral de la Mujer y el programa Mujeres Jefas de Hogar.<\/p>\n<p style=\"text-align: justify;\">\u00abEs un gran orgullo para nosotros contar con el apoyo y la colaboraci\u00f3n de la seremi de la mujer en el desarrollo y fortalecimiento de estas importantes iniciativas que buscan mejorar la calidad de vida de nuestras mujeres y sus familias.\u00bb se\u00f1al\u00f3 la primera autoridad comunal.<\/p>\n","protected":false},"excerpt":{"rendered":"<p>Yungay, febrero 2024: Este lunes, el alcalde Rafael Cifuentes Rodr\u00edguez recibi\u00f3 la visita protocolar de la seremi de la mujer y equidad de g\u00e9nero, Constanza S\u00e1nchez Carvajal. Durante esta significativa reuni\u00f3n, las autoridades tuvieron&#46;&#46;&#46;<\/p>\n","protected":false},"author":2,"featured_media":30424,"comment_status":"closed","ping_status":"closed","sticky":false,"template":"","format":"standard","meta":{"footnotes":""},"categories":[1],"tags":[1711,1115,2689,8,6],"class_list":["post-30422","post","type-post","status-publish","format-standard","has-post-thumbnail","hentry","category-noticias","tag-cl","tag-noticias","tag-seremi-mujer-y-equidad-de-genero","tag-yungay","tag-yungayino"],"_links":{"self":[{"href":"https:\/\/www.yungayino.cl\/noticias\/index.php?rest_route=\/wp\/v2\/posts\/30422","targetHints":{"allow":["GET"]}}],"collection":[{"href":"https:\/\/www.yungayino.cl\/noticias\/index.php?rest_route=\/wp\/v2\/posts"}],"about":[{"href":"https:\/\/www.yungayino.cl\/noticias\/index.php?rest_route=\/wp\/v2\/types\/post"}],"author":[{"embeddable":true,"href":"https:\/\/www.yungayino.cl\/noticias\/index.php?rest_route=\/wp\/v2\/users\/2"}],"replies":[{"embeddable":true,"href":"https:\/\/www.yungayino.cl\/noticias\/index.php?rest_route=%2Fwp%2Fv2%2Fcomments&post=30422"}],"version-history":[{"count":1,"href":"https:\/\/www.yungayino.cl\/noticias\/index.php?rest_route=\/wp\/v2\/posts\/30422\/revisions"}],"predecessor-version":[{"id":30425,"href":"https:\/\/www.yungayino.cl\/noticias\/index.php?rest_route=\/wp\/v2\/posts\/30422\/revisions\/30425"}],"wp:featuredmedia":[{"embeddable":true,"href":"https:\/\/www.yungayino.cl\/noticias\/index.php?rest_route=\/wp\/v2\/media\/30424"}],"wp:attachment":[{"href":"https:\/\/www.yungayino.cl\/noticias\/index.php?rest_route=%2Fwp%2Fv2%2Fmedia&parent=30422"}],"wp:term":[{"taxonomy":"category","embeddable":true,"href":"https:\/\/www.yungayino.cl\/noticias\/index.php?rest_route=%2Fwp%2Fv2%2Fcategories&post=30422"},{"taxonomy":"post_tag","embeddable":true,"href":"https:\/\/www.yungayino.cl\/noticias\/index.php?rest_route=%2Fwp%2Fv2%2Ftags&post=30422"}],"curies":[{"name":"wp","href":"https:\/\/api.w.org\/{rel}","templated":true}]}}