{"id":30426,"date":"2024-02-20T19:01:31","date_gmt":"2024-02-20T22:01:31","guid":{"rendered":"https:\/\/www.yungayino.cl\/noticias\/?p=30426"},"modified":"2024-02-20T20:00:38","modified_gmt":"2024-02-20T23:00:38","slug":"seremi-del-medio-ambiente-concluye-proyecto-nuble-circular-con-destacados-avances","status":"publish","type":"post","link":"https:\/\/www.yungayino.cl\/noticias\/?p=30426","title":{"rendered":"Seremi Del Medio Ambiente Concluye Proyecto \u00d1uble Circular Con Destacados Avances"},"content":{"rendered":"<p><img loading=\"lazy\" decoding=\"async\" class=\"alignnone wp-image-30427 size-full\" src=\"https:\/\/www.yungayino.cl\/noticias\/wp-content\/uploads\/2024\/02\/portada-6.jpg\" alt=\"\" width=\"700\" height=\"350\" srcset=\"https:\/\/www.yungayino.cl\/noticias\/wp-content\/uploads\/2024\/02\/portada-6.jpg 700w, https:\/\/www.yungayino.cl\/noticias\/wp-content\/uploads\/2024\/02\/portada-6-300x150.jpg 300w\" sizes=\"auto, (max-width: 700px) 100vw, 700px\" \/><\/p>\n<p style=\"text-align: justify;\">\u00d1uble, febrero 2024: Este viernes finaliz\u00f3 con \u00e9xito el Proyecto \u00d1uble Circular, implementado por la Seremi del Medio Ambiente y financiado por el Fondo para el Desarrollo Social de \u00d1uble (FDS\u00d1) del Gobierno Regional de \u00d1uble, que en solo 17 meses logr\u00f3 grandes mejoras en la gesti\u00f3n de los residuos s\u00f3lidos domiciliarios bajo la l\u00f3gica de la Econom\u00eda Circular.<\/p>\n<p style=\"text-align: justify;\">Para lograr los objetivos del proyecto, se implementaron cuatro l\u00edneas de acci\u00f3n, de la mano de pol\u00edticas p\u00fablicas como la Hoja de Ruta para un Chile Circular al 2040; la Ley de Responsabilidad extendida del productor, o ley REP y la Estrategia Nacional de Residuos Org\u00e1nicos (ENRO).<\/p>\n<p style=\"text-align: justify;\">El Gobernador Regional de \u00d1uble, \u00d3scar Cris\u00f3stomo Llanos, destac\u00f3 la importancia de desarrollar acciones que permitan avanzar hacia una regi\u00f3n m\u00e1s sustentable y sostenible en el tiempo.<\/p>\n<p style=\"text-align: justify;\">\u201cEstamos terminando de una muy buena manera y con mucha energ\u00eda el proyecto \u00d1uble Circular, de nuestra regi\u00f3n de \u00d1uble. Un proyecto in\u00e9dito a nivel nacional que nos permiti\u00f3 trabajar con 1300 familias; capacitar a m\u00e1s de 100 monitores y sacar cerca de 15 toneladas de residuos, que no llegar\u00e1n al relleno sanitario, por lo tanto, cumpli\u00f3 nuestras expectativas. Estamos trabajando para tener una nueva versi\u00f3n que permita desplegarnos en las 21 comunas, y as\u00ed generar una regi\u00f3n sustentable y sostenible\u00bb Palabras del Gobernador Oscar Cris\u00f3stomo Llanos.<\/p>\n<p style=\"text-align: justify;\">Por su parte, el seremi del Medio Ambiente de \u00d1uble, Mario Rivas Pe\u00f1a, sostuvo que \u201chemos avanzado en fortalecer el ecosistema de valorizaci\u00f3n de residuos en \u00d1uble. Adem\u00e1s de trabajar con los municipios, colaboramos con la agrupaci\u00f3n de recicladores de base, pymes y grandes empresas comprometidas con el reciclaje, pero tambi\u00e9n a una escala local, y porque reciclar comienza por casa hemos acercado este tipo de soluciones a miles de familias. A\u00fan tenemos muchos desaf\u00edos pendientes, pero conf\u00edo en que junto al Gore y toda la ciudadan\u00eda logremos consolidar una Econom\u00eda Circular que genere empleos mientras cuidamos al Medio Ambiente\u201d.<\/p>\n<p style=\"text-align: justify;\">En concreto, el Proyecto \u00d1uble Circular entreg\u00f3 y capacito a 1.231 familias en el uso de composteras y vermicomposteras en 14 comunas de la regi\u00f3n de \u00d1uble, lo que se estima permitir\u00e1 la reducci\u00f3n de 2.500 kilos de residuos org\u00e1nicos por d\u00eda, el proyecto considero equipamiento, capacitaci\u00f3n a los beneficiarios y a los profesionales municipales y realizo un seguimiento y apoyo t\u00e9cnico a beneficiarios durante cuatro meses, se espera que ahora dicho seguimiento cuente con el respaldo municipal.<\/p>\n<p style=\"text-align: justify;\">A trav\u00e9s de la implementaci\u00f3n de plataformas de compostaje en las comunas de Cobquecura, Pemuco y San Nicol\u00e1s, se chipearon aproximadamente 180m3 de ramas generadas en podas municipales, logrando que a trav\u00e9s de la valorizaci\u00f3n de los residuos org\u00e1nicos se evite la destrucci\u00f3n de los ecosistemas naturales de humedales, riveras de r\u00edos y otros cuerpos de agua contaminados por ramas y podas, adem\u00e1s de disminuir las quemas agr\u00edcolas vinculantes a incendios forestales y a la liberaci\u00f3n de GEI (Gases de Efecto Invernadero), transformando los residuos en abono y mejorando el suelo y la calidad de aire en las comunas involucradas<\/p>\n<p style=\"text-align: justify;\">Otra de las l\u00edneas de acci\u00f3n fue el Curso de Formaci\u00f3n de Monitores Ambientales, que capacit\u00f3 a 100 l\u00edderes de las 21 comunas de la regi\u00f3n en temas de medio ambiente, econom\u00eda circular, trabajo en equipo y formulaci\u00f3n de proyectos pertinentes a su territorio de forma colaborativa, dos de los proyectos formulados fueros financiados \u201cRinconada sin pl\u00e1stico\u201d de Cobquecura y \u201cReducci\u00f3n del desperdicio de alimentos en el Liceo Agr\u00edcola de San Carlos\u201d de San Carlos.<\/p>\n<p style=\"text-align: justify;\">Finalmente, se realizaron dos Ferias de Reciclaje, una Feria Itinerante que recorri\u00f3 15 comunas y la Feria Regional que se desarroll\u00f3 en Chill\u00e1n, reciclando, entre ambas ferias, m\u00e1s de 17 toneladas de residuos de productos prioritarios de la Ley REP, tales como: envases y embalajes, neum\u00e1ticos, aparatos el\u00e9ctricos y electr\u00f3nicos, pilas, bater\u00edas de veh\u00edculo y aceites lubricantes usados.<\/p>\n<p>&nbsp;<\/p>\n<p>&nbsp;<\/p>\n<p style=\"text-align: center;\"><strong>FOTOGRAF\u00cdAS:<\/strong><\/p>\n<p style=\"text-align: center;\"><iframe loading=\"lazy\" style=\"border: none; overflow: hidden;\" src=\"https:\/\/www.facebook.com\/plugins\/post.php?href=https%3A%2F%2Fwww.facebook.com%2Fyungayino.cl%2Fposts%2Fpfbid02Dros2QZz4gqmZohf7FCrRWcXmSWyMhoXgML1zQ2an6DRziZB4pRQe9urfM8Hhc8l&amp;show_text=true&amp;width=500\" width=\"500\" height=\"848\" frameborder=\"0\" scrolling=\"no\" allowfullscreen=\"allowfullscreen\"><\/iframe><\/p>\n","protected":false},"excerpt":{"rendered":"<p>\u00d1uble, febrero 2024: Este viernes finaliz\u00f3 con \u00e9xito el Proyecto \u00d1uble Circular, implementado por la Seremi del Medio Ambiente y financiado por el Fondo para el Desarrollo Social de \u00d1uble (FDS\u00d1) del Gobierno Regional&#46;&#46;&#46;<\/p>\n","protected":false},"author":2,"featured_media":30427,"comment_status":"closed","ping_status":"closed","sticky":false,"template":"","format":"standard","meta":{"footnotes":""},"categories":[1,1675,1676,32,2567],"tags":[904,1115,1678,2822,8,6,117],"class_list":["post-30426","post","type-post","status-publish","format-standard","has-post-thumbnail","hentry","category-noticias","category-saludc","category-salud","category-servicios","category-social","tag-medio-ambiente","tag-noticias","tag-nuble","tag-nuble-circular","tag-yungay","tag-yungayino","tag-yungayinocl"],"_links":{"self":[{"href":"https:\/\/www.yungayino.cl\/noticias\/index.php?rest_route=\/wp\/v2\/posts\/30426","targetHints":{"allow":["GET"]}}],"collection":[{"href":"https:\/\/www.yungayino.cl\/noticias\/index.php?rest_route=\/wp\/v2\/posts"}],"about":[{"href":"https:\/\/www.yungayino.cl\/noticias\/index.php?rest_route=\/wp\/v2\/types\/post"}],"author":[{"embeddable":true,"href":"https:\/\/www.yungayino.cl\/noticias\/index.php?rest_route=\/wp\/v2\/users\/2"}],"replies":[{"embeddable":true,"href":"https:\/\/www.yungayino.cl\/noticias\/index.php?rest_route=%2Fwp%2Fv2%2Fcomments&post=30426"}],"version-history":[{"count":4,"href":"https:\/\/www.yungayino.cl\/noticias\/index.php?rest_route=\/wp\/v2\/posts\/30426\/revisions"}],"predecessor-version":[{"id":30431,"href":"https:\/\/www.yungayino.cl\/noticias\/index.php?rest_route=\/wp\/v2\/posts\/30426\/revisions\/30431"}],"wp:featuredmedia":[{"embeddable":true,"href":"https:\/\/www.yungayino.cl\/noticias\/index.php?rest_route=\/wp\/v2\/media\/30427"}],"wp:attachment":[{"href":"https:\/\/www.yungayino.cl\/noticias\/index.php?rest_route=%2Fwp%2Fv2%2Fmedia&parent=30426"}],"wp:term":[{"taxonomy":"category","embeddable":true,"href":"https:\/\/www.yungayino.cl\/noticias\/index.php?rest_route=%2Fwp%2Fv2%2Fcategories&post=30426"},{"taxonomy":"post_tag","embeddable":true,"href":"https:\/\/www.yungayino.cl\/noticias\/index.php?rest_route=%2Fwp%2Fv2%2Ftags&post=30426"}],"curies":[{"name":"wp","href":"https:\/\/api.w.org\/{rel}","templated":true}]}}