{"id":30441,"date":"2024-03-01T15:00:55","date_gmt":"2024-03-01T18:00:55","guid":{"rendered":"https:\/\/www.yungayino.cl\/noticias\/?p=30441"},"modified":"2024-03-01T16:36:38","modified_gmt":"2024-03-01T19:36:38","slug":"carabineros-de-yungay-realizo-fiscalizacion-de-vehiculos-escolares","status":"publish","type":"post","link":"https:\/\/www.yungayino.cl\/noticias\/?p=30441","title":{"rendered":"Carabineros de Yungay Realiz\u00f3 Fiscalizaci\u00f3n de Veh\u00edculos Escolares"},"content":{"rendered":"<p><img loading=\"lazy\" decoding=\"async\" class=\"alignnone wp-image-30442 size-full\" src=\"https:\/\/www.yungayino.cl\/noticias\/wp-content\/uploads\/2024\/03\/portada.jpg\" alt=\"\" width=\"700\" height=\"350\" srcset=\"https:\/\/www.yungayino.cl\/noticias\/wp-content\/uploads\/2024\/03\/portada.jpg 700w, https:\/\/www.yungayino.cl\/noticias\/wp-content\/uploads\/2024\/03\/portada-300x150.jpg 300w\" sizes=\"auto, (max-width: 700px) 100vw, 700px\" \/><\/p>\n<p style=\"text-align: justify;\">Yungay, marzo 2024: Durante la ma\u00f1ana de hoy viernes 01 de marzo, los propietarios de furgones escolares asistieron a las dependencias de la Cuarta Comisar\u00eda de Yungay para participar de la fiscalizaci\u00f3n que llev\u00f3 a cabo Carabineros de la Cuarta Comisar\u00eda de Yungay.<\/p>\n<p style=\"text-align: justify;\">El Comisario Sr. H\u00e9ctor Gonz\u00e1lez Rozas convers\u00f3 y entreg\u00f3 informaci\u00f3n de seguridad vial a los conductores, instalando sellos institucionales que denotan la participaci\u00f3n voluntaria ante la fiscalizaci\u00f3n de Carabineros de Chile y su aprobaci\u00f3n.<\/p>\n<p style=\"text-align: justify;\">Esta actividad que se enmarca dentro de la Campa\u00f1a TRANSPORTE ESCOLAR SEGURO A\u00d1O 2024 y se realiz\u00f3 simult\u00e1neamente en las comunas de El Carmen, Pemuco y Campanario.<\/p>\n<p>&nbsp;<\/p>\n<p style=\"text-align: center;\"><strong>FOTOGRAF\u00cdAS:<\/strong><\/p>\n<p style=\"text-align: center;\"><iframe loading=\"lazy\" style=\"border: none; overflow: hidden;\" src=\"https:\/\/www.facebook.com\/plugins\/post.php?href=https%3A%2F%2Fwww.facebook.com%2Fyungayino.cl%2Fposts%2Fpfbid02EQ1vGJwTJepNBKCdXJJUtT3Z81iJHzakV96QKFsBjrwWAdAvxqcfaukFtGgvreJ3l&amp;show_text=true&amp;width=500\" width=\"500\" height=\"746\" frameborder=\"0\" scrolling=\"no\" allowfullscreen=\"allowfullscreen\"><\/iframe><\/p>\n","protected":false},"excerpt":{"rendered":"<p>Yungay, marzo 2024: Durante la ma\u00f1ana de hoy viernes 01 de marzo, los propietarios de furgones escolares asistieron a las dependencias de la Cuarta Comisar\u00eda de Yungay para participar de la fiscalizaci\u00f3n que llev\u00f3&#46;&#46;&#46;<\/p>\n","protected":false},"author":2,"featured_media":30442,"comment_status":"closed","ping_status":"closed","sticky":false,"template":"","format":"standard","meta":{"footnotes":""},"categories":[1493,2571,1,32],"tags":[25,1115,1943,8,6,117],"class_list":["post-30441","post","type-post","status-publish","format-standard","has-post-thumbnail","hentry","category-educacion","category-educacion-2","category-noticias","category-servicios","tag-carabineros","tag-noticias","tag-transporte-escolar-seguro","tag-yungay","tag-yungayino","tag-yungayinocl"],"_links":{"self":[{"href":"https:\/\/www.yungayino.cl\/noticias\/index.php?rest_route=\/wp\/v2\/posts\/30441","targetHints":{"allow":["GET"]}}],"collection":[{"href":"https:\/\/www.yungayino.cl\/noticias\/index.php?rest_route=\/wp\/v2\/posts"}],"about":[{"href":"https:\/\/www.yungayino.cl\/noticias\/index.php?rest_route=\/wp\/v2\/types\/post"}],"author":[{"embeddable":true,"href":"https:\/\/www.yungayino.cl\/noticias\/index.php?rest_route=\/wp\/v2\/users\/2"}],"replies":[{"embeddable":true,"href":"https:\/\/www.yungayino.cl\/noticias\/index.php?rest_route=%2Fwp%2Fv2%2Fcomments&post=30441"}],"version-history":[{"count":4,"href":"https:\/\/www.yungayino.cl\/noticias\/index.php?rest_route=\/wp\/v2\/posts\/30441\/revisions"}],"predecessor-version":[{"id":30446,"href":"https:\/\/www.yungayino.cl\/noticias\/index.php?rest_route=\/wp\/v2\/posts\/30441\/revisions\/30446"}],"wp:featuredmedia":[{"embeddable":true,"href":"https:\/\/www.yungayino.cl\/noticias\/index.php?rest_route=\/wp\/v2\/media\/30442"}],"wp:attachment":[{"href":"https:\/\/www.yungayino.cl\/noticias\/index.php?rest_route=%2Fwp%2Fv2%2Fmedia&parent=30441"}],"wp:term":[{"taxonomy":"category","embeddable":true,"href":"https:\/\/www.yungayino.cl\/noticias\/index.php?rest_route=%2Fwp%2Fv2%2Fcategories&post=30441"},{"taxonomy":"post_tag","embeddable":true,"href":"https:\/\/www.yungayino.cl\/noticias\/index.php?rest_route=%2Fwp%2Fv2%2Ftags&post=30441"}],"curies":[{"name":"wp","href":"https:\/\/api.w.org\/{rel}","templated":true}]}}