{"id":30483,"date":"2024-03-20T07:00:49","date_gmt":"2024-03-20T10:00:49","guid":{"rendered":"https:\/\/www.yungayino.cl\/noticias\/?p=30483"},"modified":"2024-03-18T15:48:14","modified_gmt":"2024-03-18T18:48:14","slug":"sag-y-carabineros-de-nuble-refuerzan-colaboracion-para-contribuir-a-la-seguridad-en-zonas-rurales-y-frontera","status":"publish","type":"post","link":"https:\/\/www.yungayino.cl\/noticias\/?p=30483","title":{"rendered":"SAG Y Carabineros De \u00d1uble Refuerzan Colaboraci\u00f3n Para Contribuir A La Seguridad En Zonas Rurales Y Frontera"},"content":{"rendered":"<p><img loading=\"lazy\" decoding=\"async\" class=\"alignnone wp-image-30481 size-full\" src=\"https:\/\/www.yungayino.cl\/noticias\/wp-content\/uploads\/2024\/03\/sag.jpg\" alt=\"\" width=\"700\" height=\"350\" srcset=\"https:\/\/www.yungayino.cl\/noticias\/wp-content\/uploads\/2024\/03\/sag.jpg 700w, https:\/\/www.yungayino.cl\/noticias\/wp-content\/uploads\/2024\/03\/sag-300x150.jpg 300w\" sizes=\"auto, (max-width: 700px) 100vw, 700px\" \/><\/p>\n<p style=\"text-align: justify;\">\u00d1uble, marzo 2024: Un fruct\u00edfero encuentro sostuvieron la General Mar\u00eda Teresa Araya Jim\u00e9nez, Jefa de Zona de Carabineros \u00d1uble y el Director Regional del SAG, Osvaldo Alcayaga Benavente, oportunidad en que acordaron reforzar el trabajo colaborativo de ambas instituciones en la regi\u00f3n para avanzar en las iniciativas orientadas a incrementar la seguridad y las acciones de fiscalizaci\u00f3n en las zonas rurales y en la frontera.<\/p>\n<p style=\"text-align: justify;\">El abigeato, el robo de insumos agr\u00edcolas, el contrabando, la caza furtiva y la vulneraci\u00f3n de las zonas bajo cuarentena por presencia de plagas o enfermedades vegetales o animales, son algunos de los aspectos que relevaron las autoridades para abordar en forma coordinada.<\/p>\n<p style=\"text-align: justify;\">\u201cComo SAG nos hemos comprometido a reforzar las fiscalizaciones, por ejemplo, para asegurar que se cumplen las restricciones de movimiento de uva desde sectores donde est\u00e1 presente la plaga <em>Lobesia botrana<\/em> y para proteger el valioso patrimonio que constituye la producci\u00f3n de vinos de nuestra regi\u00f3n. Tambi\u00e9n es muy importante que trabajemos de manera coordinada en los sectores fronterizos, donde el SAG resguarda que la subida de ganado a veranadas no ponga en riesgo la salud de los animales de abasto. Tenemos objetivos e intereses comunes con Carabineros y esta colaboraci\u00f3n nos ayudar\u00e1 a avanzar en el cumplimiento de nuestras metas\u201d, sostuvo el Director Regional del SAG de \u00d1uble, Osvaldo Alcayaga Benavente.<\/p>\n<p style=\"text-align: justify;\">En ese contexto, se est\u00e1 elaborando un programa de fiscalizaciones camineras conjuntas para el a\u00f1o 2024 e instancias de capacitaci\u00f3n de los equipos del SAG y de Carabineros sobre materias de competencia de cada organismo.<\/p>\n<p style=\"text-align: justify;\">La General Araya indic\u00f3 en la reuni\u00f3n que, previo a un an\u00e1lisis de los delitos que afectan a las zonas rurales, Carabineros est\u00e1 ejecutando una serie de acciones para fortalecer la cobertura de las necesidades de las familias de sectores alejados del urbanismo, y que con esta coordinaci\u00f3n entre la instituci\u00f3n y el SAG, se van a potenciar los servicios ofertados a esa poblaci\u00f3n, que alcanza cerca del 63% en \u00d1uble.<\/p>\n<p style=\"text-align: justify;\">\u201cHace unas semanas lanzamos nuestras nuevas patrullas Centauro Rural, de Incendios Forestales y la Secci\u00f3n T\u00e1ctica de Investigaci\u00f3n Rural, con las cuales estamos cubriendo la provincia de Itata y las comunas que presentan mayor territorio rural, porque sabemos que ellos tienen diversas necesidades y se enfrentan a otros delitos, como el robo de animales y de insumos agr\u00edcolas, por ejemplo. Adem\u00e1s, hemos fortalecido en ese camino el trabajo preventivo con la Asociaci\u00f3n de Agricultores de \u00d1uble, y ahora, a trav\u00e9s de esta coordinaci\u00f3n con el SAG podremos avanzar en un despliegue integral, especializado y focalizado\u201d, expres\u00f3 la Jefa de Zona de Carabineros.<\/p>\n","protected":false},"excerpt":{"rendered":"<p>\u00d1uble, marzo 2024: Un fruct\u00edfero encuentro sostuvieron la General Mar\u00eda Teresa Araya Jim\u00e9nez, Jefa de Zona de Carabineros \u00d1uble y el Director Regional del SAG, Osvaldo Alcayaga Benavente, oportunidad en que acordaron reforzar el&#46;&#46;&#46;<\/p>\n","protected":false},"author":2,"featured_media":30481,"comment_status":"closed","ping_status":"closed","sticky":false,"template":"","format":"standard","meta":{"footnotes":""},"categories":[1],"tags":[25,1115,1678,589,8,6,117],"class_list":["post-30483","post","type-post","status-publish","format-standard","has-post-thumbnail","hentry","category-noticias","tag-carabineros","tag-noticias","tag-nuble","tag-sag","tag-yungay","tag-yungayino","tag-yungayinocl"],"_links":{"self":[{"href":"https:\/\/www.yungayino.cl\/noticias\/index.php?rest_route=\/wp\/v2\/posts\/30483","targetHints":{"allow":["GET"]}}],"collection":[{"href":"https:\/\/www.yungayino.cl\/noticias\/index.php?rest_route=\/wp\/v2\/posts"}],"about":[{"href":"https:\/\/www.yungayino.cl\/noticias\/index.php?rest_route=\/wp\/v2\/types\/post"}],"author":[{"embeddable":true,"href":"https:\/\/www.yungayino.cl\/noticias\/index.php?rest_route=\/wp\/v2\/users\/2"}],"replies":[{"embeddable":true,"href":"https:\/\/www.yungayino.cl\/noticias\/index.php?rest_route=%2Fwp%2Fv2%2Fcomments&post=30483"}],"version-history":[{"count":1,"href":"https:\/\/www.yungayino.cl\/noticias\/index.php?rest_route=\/wp\/v2\/posts\/30483\/revisions"}],"predecessor-version":[{"id":30484,"href":"https:\/\/www.yungayino.cl\/noticias\/index.php?rest_route=\/wp\/v2\/posts\/30483\/revisions\/30484"}],"wp:featuredmedia":[{"embeddable":true,"href":"https:\/\/www.yungayino.cl\/noticias\/index.php?rest_route=\/wp\/v2\/media\/30481"}],"wp:attachment":[{"href":"https:\/\/www.yungayino.cl\/noticias\/index.php?rest_route=%2Fwp%2Fv2%2Fmedia&parent=30483"}],"wp:term":[{"taxonomy":"category","embeddable":true,"href":"https:\/\/www.yungayino.cl\/noticias\/index.php?rest_route=%2Fwp%2Fv2%2Fcategories&post=30483"},{"taxonomy":"post_tag","embeddable":true,"href":"https:\/\/www.yungayino.cl\/noticias\/index.php?rest_route=%2Fwp%2Fv2%2Ftags&post=30483"}],"curies":[{"name":"wp","href":"https:\/\/api.w.org\/{rel}","templated":true}]}}