{"id":30562,"date":"2024-04-13T07:00:32","date_gmt":"2024-04-13T10:00:32","guid":{"rendered":"https:\/\/www.yungayino.cl\/noticias\/?p=30562"},"modified":"2024-04-09T21:05:13","modified_gmt":"2024-04-10T00:05:13","slug":"gendarmeria-hace-llamado-a-eliminar-antecedentes-penales-4","status":"publish","type":"post","link":"https:\/\/www.yungayino.cl\/noticias\/?p=30562","title":{"rendered":"Gendarmer\u00eda Hace Llamado A Eliminar Antecedentes Penales"},"content":{"rendered":"<p><img loading=\"lazy\" decoding=\"async\" class=\"alignnone wp-image-30563 size-full\" src=\"https:\/\/www.yungayino.cl\/noticias\/wp-content\/uploads\/2024\/04\/ELIMINACION-ANTECEDENTES.jpg\" alt=\"\" width=\"700\" height=\"351\" srcset=\"https:\/\/www.yungayino.cl\/noticias\/wp-content\/uploads\/2024\/04\/ELIMINACION-ANTECEDENTES.jpg 700w, https:\/\/www.yungayino.cl\/noticias\/wp-content\/uploads\/2024\/04\/ELIMINACION-ANTECEDENTES-300x150.jpg 300w\" sizes=\"auto, (max-width: 700px) 100vw, 700px\" \/><\/p>\n<p style=\"text-align: justify;\">\u00d1uble, abril 2024: A todas las personas que hayan cumplido condena y cumplan con los requisitos, se informa que se encuentra vigente la posibilidad de eliminar antecedentes penales para una positiva reinserci\u00f3n.<\/p>\n<p style=\"text-align: justify;\">El Director Regional de Gendarmer\u00eda en la Regi\u00f3n de \u00d1uble, Coronel Juan Navarrete Gamboa, hizo un llamado a todas las personas que han cumplido condena en los penales de la regi\u00f3n a iniciar el proceso de eliminaci\u00f3n de antecedentes penales.<\/p>\n<p style=\"text-align: justify;\">El tr\u00e1mite detallado en el Decreto Ley N\u00b0 409, es una de las herramientas jur\u00eddicas m\u00e1s antiguas con la que cuenta nuestra legislaci\u00f3n, que permite que las personas privadas de libertad, o sometidas a alg\u00fan tipo de condena en el medio libre, puedan reinsertarse a la sociedad positivamente.<\/p>\n<p style=\"text-align: justify;\">\u201cInvitamos a las personas que han cumplido alguna condena, a iniciar el control voluntario y gratuito de eliminaci\u00f3n de antecedentes y que una vez iniciado el tr\u00e1mite, inmediatamente se omiten los antecedentes penales de su certificado de antecedentes, de modo que \u00e9ste aparece sin anotaciones prontuariales para solicitar un trabajo. Una vez cumplido el tiempo requerido, la persona puede eliminar definitivamente los antecedentes penales de su extracto de filiaci\u00f3n\u201d, se\u00f1al\u00f3 el Coronel Navarrete.<\/p>\n<p style=\"text-align: justify;\">En tanto la jefa del Centro de Apoyo para la Integraci\u00f3n Social (CAIS) de Chill\u00e1n, M\u00f3nica Ort\u00edz Sep\u00falveda, agreg\u00f3 que \u201cmediante la firma mensual en un libro de registro por un plazo de entre 2 y 5 a\u00f1os, les permitir\u00e1 reintegrarse a la sociedad positivamente, tr\u00e1mite que la regi\u00f3n de \u00d1uble, lo ejecuta personal de Gendarmer\u00eda de Chile a trav\u00e9s del CAIS y en las unidades penales de San Carlos, Quirihue y Yungay y pr\u00f3ximamente en Bulnes\u201d, afirm\u00f3.<\/p>\n<p style=\"text-align: justify;\">La eliminaci\u00f3n de antecedentes, hace 88 a\u00f1os, ha permitido que las personas dignifiquen su libertad y en la actualidad, hay 415 usuarios que se encuentran en proceso de eliminaci\u00f3n de antecedentes, de ellos, un 82% corresponde a hombres y un 18% a mujeres.<\/p>\n<p style=\"text-align: justify;\">Los interesados en participar de la eliminaci\u00f3n de antecedentes deben dirigirse a calle El Roble N\u00b0 976 en Chill\u00e1n o ante cualquier consulta est\u00e1 disponible el fono <strong>42-2284623<\/strong>.<\/p>\n","protected":false},"excerpt":{"rendered":"<p>\u00d1uble, abril 2024: A todas las personas que hayan cumplido condena y cumplan con los requisitos, se informa que se encuentra vigente la posibilidad de eliminar antecedentes penales para una positiva reinserci\u00f3n. El Director&#46;&#46;&#46;<\/p>\n","protected":false},"author":2,"featured_media":30563,"comment_status":"closed","ping_status":"closed","sticky":false,"template":"","format":"standard","meta":{"footnotes":""},"categories":[1],"tags":[2380,361,1115,8,6,117],"class_list":["post-30562","post","type-post","status-publish","format-standard","has-post-thumbnail","hentry","category-noticias","tag-eliminacion-antecedentes-penales","tag-gendarmeria","tag-noticias","tag-yungay","tag-yungayino","tag-yungayinocl"],"_links":{"self":[{"href":"https:\/\/www.yungayino.cl\/noticias\/index.php?rest_route=\/wp\/v2\/posts\/30562","targetHints":{"allow":["GET"]}}],"collection":[{"href":"https:\/\/www.yungayino.cl\/noticias\/index.php?rest_route=\/wp\/v2\/posts"}],"about":[{"href":"https:\/\/www.yungayino.cl\/noticias\/index.php?rest_route=\/wp\/v2\/types\/post"}],"author":[{"embeddable":true,"href":"https:\/\/www.yungayino.cl\/noticias\/index.php?rest_route=\/wp\/v2\/users\/2"}],"replies":[{"embeddable":true,"href":"https:\/\/www.yungayino.cl\/noticias\/index.php?rest_route=%2Fwp%2Fv2%2Fcomments&post=30562"}],"version-history":[{"count":1,"href":"https:\/\/www.yungayino.cl\/noticias\/index.php?rest_route=\/wp\/v2\/posts\/30562\/revisions"}],"predecessor-version":[{"id":30564,"href":"https:\/\/www.yungayino.cl\/noticias\/index.php?rest_route=\/wp\/v2\/posts\/30562\/revisions\/30564"}],"wp:featuredmedia":[{"embeddable":true,"href":"https:\/\/www.yungayino.cl\/noticias\/index.php?rest_route=\/wp\/v2\/media\/30563"}],"wp:attachment":[{"href":"https:\/\/www.yungayino.cl\/noticias\/index.php?rest_route=%2Fwp%2Fv2%2Fmedia&parent=30562"}],"wp:term":[{"taxonomy":"category","embeddable":true,"href":"https:\/\/www.yungayino.cl\/noticias\/index.php?rest_route=%2Fwp%2Fv2%2Fcategories&post=30562"},{"taxonomy":"post_tag","embeddable":true,"href":"https:\/\/www.yungayino.cl\/noticias\/index.php?rest_route=%2Fwp%2Fv2%2Ftags&post=30562"}],"curies":[{"name":"wp","href":"https:\/\/api.w.org\/{rel}","templated":true}]}}