{"id":30579,"date":"2024-04-17T07:00:18","date_gmt":"2024-04-17T10:00:18","guid":{"rendered":"https:\/\/www.yungayino.cl\/noticias\/?p=30579"},"modified":"2024-04-13T16:07:41","modified_gmt":"2024-04-13T19:07:41","slug":"alcalde-rafael-cifuentes-firma-convenio-para-el-diseno-de-la-reposicion-del-cesfam-de-campanario","status":"publish","type":"post","link":"https:\/\/www.yungayino.cl\/noticias\/?p=30579","title":{"rendered":"Alcalde Rafael Cifuentes Firma Convenio Para El Dise\u00f1o De La Reposici\u00f3n Del CESFAM De Campanario"},"content":{"rendered":"<p><img loading=\"lazy\" decoding=\"async\" class=\"alignnone wp-image-30570 size-full\" src=\"https:\/\/www.yungayino.cl\/noticias\/wp-content\/uploads\/2024\/04\/cesfam-campanario.jpg\" alt=\"\" width=\"700\" height=\"350\" srcset=\"https:\/\/www.yungayino.cl\/noticias\/wp-content\/uploads\/2024\/04\/cesfam-campanario.jpg 700w, https:\/\/www.yungayino.cl\/noticias\/wp-content\/uploads\/2024\/04\/cesfam-campanario-300x150.jpg 300w\" sizes=\"auto, (max-width: 700px) 100vw, 700px\" \/><\/p>\n<p class=\"p1\" style=\"text-align: justify;\"><span class=\"s1\"><span lang=\"ES-CL\" style=\"font-size: 13.0pt; font-family: 'Arial',sans-serif;\">Abril 2024: Respondiendo a las necesidades de la comunidad, el alcalde Rafael Cifuentes Rodr\u00edguez junto al Gobernador Regional de \u00d1uble, Oscar Cris\u00f3stomo Llanos firmaron el Convenio de transferencia de recursos para el Dise\u00f1o del nuevo Centro de Salud Familiar ubicado en Campanario por una suma total de m\u00e1s de $127 millones. <\/span><\/span><\/p>\n<p class=\"p1\" style=\"text-align: justify; text-justify: inter-ideograph;\"><span class=\"s1\"><span lang=\"ES-CL\" style=\"font-size: 13.0pt; font-family: 'Arial',sans-serif;\">\u00a0<\/span><\/span><span class=\"s1\"><span lang=\"ES-CL\" style=\"font-size: 13.0pt; font-family: 'Arial',sans-serif;\">El recinto fue siniestrado por un incendio en febrero de 2022, instancia en la que la Municipalidad y el Departamento de Salud Municipal desarrollaron el proyecto que ingreso al MIDESO en julio del mismo a\u00f1o para postular al financiamiento del dise\u00f1o del nuevo CESFAM. El Gobernador Regional prioriz\u00f3 el financiamiento de este proyecto, logrando que en noviembre de 2023, el Consejo Regional aprobar\u00e1 por unanimidad los recursos solicitados.<\/span><\/span><\/p>\n<p class=\"p1\" style=\"text-align: justify; text-justify: inter-ideograph;\"><span class=\"s1\"><span lang=\"ES-CL\" style=\"font-size: 13.0pt; font-family: 'Arial',sans-serif;\">El viernes 5 de abril de 2024, se concret\u00f3 la firma del Convenio de transferencia de recursos que ira en beneficio de m\u00e1s de 5.000 personas. \u201cTengo plena convicci\u00f3n de que, gracias al apoyo del Gobernador y un continuo trabajo, se agilizar\u00e1 la reposici\u00f3n que beneficiar\u00e1 a nuestras vecinas y vecinos\u201d manifest\u00f3 el alcalde.<\/span><\/span><\/p>\n<p class=\"p1\" style=\"text-align: justify; text-justify: inter-ideograph;\"><span class=\"s1\"><span lang=\"ES-CL\" style=\"font-size: 13.0pt; font-family: 'Arial',sans-serif;\">El Gobernador se comprometi\u00f3 inmediatamente a trabajar por la reposici\u00f3n de las instalaciones, comenzando por la gesti\u00f3n de un CESFAM Modular con el Servicio de Salud de \u00d1uble \u201cEl trabajo en conjunto de estos \u00faltimos tres a\u00f1os con el alcalde Rafael Cifuentes Rodr\u00edguez ha permitido invertir recursos en diferentes \u00e1reas en la comuna de Yungay. En esta oportunidad financiamos el desarrollo del Dise\u00f1o del nuevo CESFAM de Campanario, el que es un compromiso pendiente desde el 2022 y que no descansaremos hasta ver construida la obra definitiva para atender a la comunidad yungayina\u201d coment\u00f3 el Gobernador Regional.<\/span><\/span><\/p>\n<p class=\"p1\" style=\"text-align: justify; text-justify: inter-ideograph;\"><span class=\"s1\"><span lang=\"ES-CL\" style=\"font-size: 13.0pt; font-family: 'Arial',sans-serif;\">La primera autoridad comunal inform\u00f3 que prontamente se inaugurar\u00e1 el CESFAM Modular en la localidad, financiado a trav\u00e9s del Servicio de Salud de \u00d1uble y recursos municipales, el que estar\u00e1 completamente equipado para responder a las necesidades de la comunidad. <\/span><\/span><\/p>\n","protected":false},"excerpt":{"rendered":"<p>Abril 2024: Respondiendo a las necesidades de la comunidad, el alcalde Rafael Cifuentes Rodr\u00edguez junto al Gobernador Regional de \u00d1uble, Oscar Cris\u00f3stomo Llanos firmaron el Convenio de transferencia de recursos para el Dise\u00f1o del&#46;&#46;&#46;<\/p>\n","protected":false},"author":2,"featured_media":30570,"comment_status":"closed","ping_status":"closed","sticky":false,"template":"","format":"standard","meta":{"footnotes":""},"categories":[1,1675,1676,32,2567],"tags":[31,440,1115,65,8,6,117],"class_list":["post-30579","post","type-post","status-publish","format-standard","has-post-thumbnail","hentry","category-noticias","category-saludc","category-salud","category-servicios","category-social","tag-campanario","tag-cesfam","tag-noticias","tag-salud","tag-yungay","tag-yungayino","tag-yungayinocl"],"_links":{"self":[{"href":"https:\/\/www.yungayino.cl\/noticias\/index.php?rest_route=\/wp\/v2\/posts\/30579","targetHints":{"allow":["GET"]}}],"collection":[{"href":"https:\/\/www.yungayino.cl\/noticias\/index.php?rest_route=\/wp\/v2\/posts"}],"about":[{"href":"https:\/\/www.yungayino.cl\/noticias\/index.php?rest_route=\/wp\/v2\/types\/post"}],"author":[{"embeddable":true,"href":"https:\/\/www.yungayino.cl\/noticias\/index.php?rest_route=\/wp\/v2\/users\/2"}],"replies":[{"embeddable":true,"href":"https:\/\/www.yungayino.cl\/noticias\/index.php?rest_route=%2Fwp%2Fv2%2Fcomments&post=30579"}],"version-history":[{"count":1,"href":"https:\/\/www.yungayino.cl\/noticias\/index.php?rest_route=\/wp\/v2\/posts\/30579\/revisions"}],"predecessor-version":[{"id":30580,"href":"https:\/\/www.yungayino.cl\/noticias\/index.php?rest_route=\/wp\/v2\/posts\/30579\/revisions\/30580"}],"wp:featuredmedia":[{"embeddable":true,"href":"https:\/\/www.yungayino.cl\/noticias\/index.php?rest_route=\/wp\/v2\/media\/30570"}],"wp:attachment":[{"href":"https:\/\/www.yungayino.cl\/noticias\/index.php?rest_route=%2Fwp%2Fv2%2Fmedia&parent=30579"}],"wp:term":[{"taxonomy":"category","embeddable":true,"href":"https:\/\/www.yungayino.cl\/noticias\/index.php?rest_route=%2Fwp%2Fv2%2Fcategories&post=30579"},{"taxonomy":"post_tag","embeddable":true,"href":"https:\/\/www.yungayino.cl\/noticias\/index.php?rest_route=%2Fwp%2Fv2%2Ftags&post=30579"}],"curies":[{"name":"wp","href":"https:\/\/api.w.org\/{rel}","templated":true}]}}