{"id":30598,"date":"2024-04-25T07:00:33","date_gmt":"2024-04-25T10:00:33","guid":{"rendered":"https:\/\/www.yungayino.cl\/noticias\/?p=30598"},"modified":"2024-04-18T15:54:15","modified_gmt":"2024-04-18T18:54:15","slug":"primera-fecha-del-rallymobil-llega-a-nuble-el-ultimo-fin-de-semana-de-abril","status":"publish","type":"post","link":"https:\/\/www.yungayino.cl\/noticias\/?p=30598","title":{"rendered":"Primera Fecha Del RallyMobil Llega A \u00d1uble El \u00daltimo Fin De Semana De Abril"},"content":{"rendered":"<p><img loading=\"lazy\" decoding=\"async\" class=\"alignnone wp-image-30590 size-full\" src=\"https:\/\/www.yungayino.cl\/noticias\/wp-content\/uploads\/2024\/04\/rally-movil.jpg\" alt=\"\" width=\"700\" height=\"350\" srcset=\"https:\/\/www.yungayino.cl\/noticias\/wp-content\/uploads\/2024\/04\/rally-movil.jpg 700w, https:\/\/www.yungayino.cl\/noticias\/wp-content\/uploads\/2024\/04\/rally-movil-300x150.jpg 300w\" sizes=\"auto, (max-width: 700px) 100vw, 700px\" \/><\/p>\n<p style=\"text-align: justify;\">\u00d1uble, abril 2024: El evento deportivo que se ejecuta con apoyo del Gobierno Regional de \u00d1uble, se realizar\u00e1 entre el 26 y 28 de abril, donde cerca de 40 autos correr\u00e1n las rutas de seis comunas de \u00d1uble, en una actividad que adem\u00e1s ofrece un parque de asistencia con stands para emprendedores regionales en Chill\u00e1n Viejo.<\/p>\n<p style=\"text-align: justify;\">Nuevamente llega a \u00d1uble el RallyMobil, evento deportivo que congrega a cientos de fan\u00e1ticos y permite mostrar a la regi\u00f3n al resto del pa\u00eds y dar cabida a emprendedores que tienen la posibilidad de instalarse en el parque de asistencia que se levanta en la comuna de Chill\u00e1n Viejo.<\/p>\n<p style=\"text-align: justify;\">As\u00ed lo anunciaron el Gobernador \u00d3scar Cris\u00f3stomo, junto al alcalde de San Nicol\u00e1s, V\u00edctor Hugo Rice; al Subcomisario de Carabineros, Capit\u00e1n Cristopher Mu\u00f1oz y al Productor General del Copec RallyMobil, Felipe Horta, quienes confirmaron que la largada de la primera fecha ser\u00e1 en la Explanada del Gobierno Regional de \u00d1uble, el viernes 26 de abril y la competencia se extender\u00e1 durante todo el fin de semana donde cerca de 40 autos de diferentes categor\u00edas recorrer\u00e1n m\u00e1s de 538 kil\u00f3metros de rutas de seis comunas: San Ignacio, Chill\u00e1n, Chill\u00e1n Viejo, San Nicol\u00e1s, Portezuelo y Bulnes.<\/p>\n<p style=\"text-align: justify;\">La actividad es uno m\u00e1s de los eventos financiados por el Gobierno Regional de \u00d1uble, y en ese sentido el Gobernador Cris\u00f3stomo valor\u00f3 esta alianza por distintas razones; la primera de ellas, se\u00f1al\u00f3 es \u201cporque quer\u00edamos mostrar \u00d1uble al mundo, y el RallyMobil precisamente nos ha permitido que durante las fechas, los d\u00edas que se corre en nuestra regi\u00f3n, el Rally puede mostrar sus parajes, hemos ido adem\u00e1s modificando los trazados, a fin de ir mostrando las rutas que actualmente existen en nuestra regi\u00f3n\u201d. Y a\u00f1adi\u00f3 que en segundo t\u00e9rmino \u201ctambi\u00e9n nos permite una activaci\u00f3n econ\u00f3mica tremendamente importante, no solamente en la capital regional, sino que tambi\u00e9n en Chill\u00e1n Viejo y en otras comunas aleda\u00f1as, donde llegan cientos de personas a presenciar este Rally durante todo ese fin de semana y en los d\u00edas anteriores tambi\u00e9n en la preparaci\u00f3n previa. Por lo tanto, el \u00e1rea de hoteler\u00eda, restaurantes y en general el rubro del comercio en nuestra regi\u00f3n, as\u00ed los n\u00fameros, as\u00ed los avalan, crece durante esta fecha\u201d.<\/p>\n<p style=\"text-align: justify;\">Para el organizador del evento tuerca, Felipe Horta, \u201ccuando un deporte de estas caracter\u00edsticas tiene la oportunidad de mostrarse a trav\u00e9s de los medios de comunicaci\u00f3n con un evento bien planificado, bien organizado, carbono neutral, con preocupaci\u00f3n con las comunidades, con inserci\u00f3n de valor real en la v\u00eda rural (\u2026) generando un impacto econ\u00f3mico favorable respecto de estar en una regi\u00f3n tan importante como esta, en una fecha que no es estival, ayuda much\u00edsimo porque lo que movemos con el rally, la cantidad de gente que viene, hoteler\u00eda turismo es importante\u201d y a\u00f1adi\u00f3 que una buena noticia es que \u201ceste a\u00f1o nos diversificamos m\u00e1s todav\u00eda, vamos a tener canal 24 horas con nuestro programa M\u00e1s Motor con 42 cap\u00edtulos durante todo el a\u00f1o con repeticiones que vamos a estar mostrando la regi\u00f3n (&#8230;) en la televisi\u00f3n abierta este a\u00f1o vamos con Mega, que es una noticia muy importante\u201d.<\/p>\n<p style=\"text-align: justify;\">M\u00e1s de 100 efectivos desplegados<\/p>\n<p style=\"text-align: justify;\">Las autoridades presentes y la organizaci\u00f3n en especial consideran a Carabineros como un socio estrat\u00e9gico en un evento de esta magnitud. Al respecto el Capit\u00e1n Cristopher Mu\u00f1oz reiter\u00f3 que \u201ccomo es tradici\u00f3n vamos a estar presentes cuando nos necesiten y en esta oportunidad estamos desplegando servicios desde ya, tenemos planificado nuestro operativo, donde vamos a estar presentes en todas las jornadas, m\u00e1s de 100 Carabineros desplegados en diferentes puntos realizando desv\u00edos de tr\u00e1nsito, realizando cortes para poder garantizar que esta actividad se realice con las medidas que corresponden y tampoco haya accidentes ni situaciones que lamentar. Llamamos a la comunidad a respetarse mutuamente, al autocuidado, a respetar las instrucciones, las se\u00f1al\u00e9ticas de las autoridades para evitar cualquier tipo de situaci\u00f3n y que este evento, esta competencia, esta jornada se realice con toda la media seguridad\u201d.<\/p>\n<p style=\"text-align: justify;\">Finalmente, el alcalde de San Nicol\u00e1s, agradeci\u00f3 al Gobierno Regional y a las municipalidades de Chill\u00e1n, de Chill\u00e1n Viejo, \u201cque han aceptado a mi comuna para que el Rally participe, por primera vez el a\u00f1o pasado hicimos esta actividad, y tuvimos retractores, como tambi\u00e9n tuvimos gente que nos apoy\u00f3 y nos ayud\u00f3, pero ahora todo el mundo quiere el rally, porque a veces no se conoc\u00eda esto como era. Estamos muy contentos y cada a\u00f1o, ojal\u00e1, nuestra gente, nuestro pueblo, que tiene muchas pocas posibilidades de ver este tipo de actividades deportivas, puedan disfrutar de este gran evento\u201d.<\/p>\n","protected":false},"excerpt":{"rendered":"<p>\u00d1uble, abril 2024: El evento deportivo que se ejecuta con apoyo del Gobierno Regional de \u00d1uble, se realizar\u00e1 entre el 26 y 28 de abril, donde cerca de 40 autos correr\u00e1n las rutas de&#46;&#46;&#46;<\/p>\n","protected":false},"author":2,"featured_media":30590,"comment_status":"closed","ping_status":"closed","sticky":false,"template":"","format":"standard","meta":{"footnotes":""},"categories":[1],"tags":[1115,1678,3141,8,6,117],"class_list":["post-30598","post","type-post","status-publish","format-standard","has-post-thumbnail","hentry","category-noticias","tag-noticias","tag-nuble","tag-rallymovil","tag-yungay","tag-yungayino","tag-yungayinocl"],"_links":{"self":[{"href":"https:\/\/www.yungayino.cl\/noticias\/index.php?rest_route=\/wp\/v2\/posts\/30598","targetHints":{"allow":["GET"]}}],"collection":[{"href":"https:\/\/www.yungayino.cl\/noticias\/index.php?rest_route=\/wp\/v2\/posts"}],"about":[{"href":"https:\/\/www.yungayino.cl\/noticias\/index.php?rest_route=\/wp\/v2\/types\/post"}],"author":[{"embeddable":true,"href":"https:\/\/www.yungayino.cl\/noticias\/index.php?rest_route=\/wp\/v2\/users\/2"}],"replies":[{"embeddable":true,"href":"https:\/\/www.yungayino.cl\/noticias\/index.php?rest_route=%2Fwp%2Fv2%2Fcomments&post=30598"}],"version-history":[{"count":2,"href":"https:\/\/www.yungayino.cl\/noticias\/index.php?rest_route=\/wp\/v2\/posts\/30598\/revisions"}],"predecessor-version":[{"id":30600,"href":"https:\/\/www.yungayino.cl\/noticias\/index.php?rest_route=\/wp\/v2\/posts\/30598\/revisions\/30600"}],"wp:featuredmedia":[{"embeddable":true,"href":"https:\/\/www.yungayino.cl\/noticias\/index.php?rest_route=\/wp\/v2\/media\/30590"}],"wp:attachment":[{"href":"https:\/\/www.yungayino.cl\/noticias\/index.php?rest_route=%2Fwp%2Fv2%2Fmedia&parent=30598"}],"wp:term":[{"taxonomy":"category","embeddable":true,"href":"https:\/\/www.yungayino.cl\/noticias\/index.php?rest_route=%2Fwp%2Fv2%2Fcategories&post=30598"},{"taxonomy":"post_tag","embeddable":true,"href":"https:\/\/www.yungayino.cl\/noticias\/index.php?rest_route=%2Fwp%2Fv2%2Ftags&post=30598"}],"curies":[{"name":"wp","href":"https:\/\/api.w.org\/{rel}","templated":true}]}}