{"id":30625,"date":"2024-04-23T07:00:31","date_gmt":"2024-04-23T10:00:31","guid":{"rendered":"https:\/\/www.yungayino.cl\/noticias\/?p=30625"},"modified":"2024-04-20T14:38:58","modified_gmt":"2024-04-20T17:38:58","slug":"comunidad-de-quillon-se-une-en-la-restauracion-del-cerro-cayumanque","status":"publish","type":"post","link":"https:\/\/www.yungayino.cl\/noticias\/?p=30625","title":{"rendered":"Comunidad De Quill\u00f3n Se Une En La Restauraci\u00f3n Del Cerro Cayumanque"},"content":{"rendered":"<p><img loading=\"lazy\" decoding=\"async\" class=\"alignnone wp-image-30618 size-full\" src=\"https:\/\/www.yungayino.cl\/noticias\/wp-content\/uploads\/2024\/04\/Cerro-Cayumanque-Quillon-jornada-comunitaria-foto-portada.jpg\" alt=\"\" width=\"700\" height=\"350\" srcset=\"https:\/\/www.yungayino.cl\/noticias\/wp-content\/uploads\/2024\/04\/Cerro-Cayumanque-Quillon-jornada-comunitaria-foto-portada.jpg 700w, https:\/\/www.yungayino.cl\/noticias\/wp-content\/uploads\/2024\/04\/Cerro-Cayumanque-Quillon-jornada-comunitaria-foto-portada-300x150.jpg 300w\" sizes=\"auto, (max-width: 700px) 100vw, 700px\" \/><\/p>\n<p style=\"text-align: justify;\">\u00d1uble, abril 2024: En un esfuerzo comunitario para restaurar el ecosistema del cerro Cayumanque, afectado gravemente por incendios forestales como el del a\u00f1o 2012 y 2023, se llev\u00f3 a cabo una jornada de extracci\u00f3n de especies ex\u00f3ticas invasoras. El evento cont\u00f3 con la participaci\u00f3n de la comunidad local, propietarios\/as de terrenos, y representantes municipales y ambientales.<\/p>\n<p style=\"text-align: justify;\">La jornada, liderada por el Seremi del Medio Ambiente de \u00d1uble, Mario Rivas Pe\u00f1a, tuvo como objetivo controlar la proliferaci\u00f3n de pinos, una especie invasora que germina en grandes cantidades despu\u00e9s de incendios, impidiendo la regeneraci\u00f3n natural del bosque nativo. La intervenci\u00f3n se centr\u00f3 en la eliminaci\u00f3n manual de esta especie.<\/p>\n<p style=\"text-align: justify;\">La actividad comenz\u00f3 a las 8:30 am. en la plaza de la comuna de Quill\u00f3n, desde donde los y las participantes se trasladaron hasta el fondo Santa Gertrudis en el cerro Cayumanque. Tras una caminata de aproximadamente dos horas hasta el sector de trabajo, las personas voluntarias dedicaron hora y media a retirar pinos. La jornada no solo contribuy\u00f3 a la restauraci\u00f3n ecol\u00f3gica, sino que tambi\u00e9n foment\u00f3 la educaci\u00f3n ambiental en el voluntariado por parte de la comunidad.<\/p>\n<p style=\"text-align: justify;\">El evento cont\u00f3 con la participaci\u00f3n del concejal Esteban Villegas, junto con miembros de la familia Unzueta Dol y de la organizaci\u00f3n ambiental local Quill\u00f3n Verde. M\u00e1s de 30 personas se sumaron a esta causa, apoyadas por la Municipalidad de Quill\u00f3n, que facilit\u00f3 la log\u00edstica y alimentaci\u00f3n.<\/p>\n<p style=\"text-align: justify;\">A su vez, el seremi del Medio Ambiente, Mario Rivas, se\u00f1al\u00f3: \u201cLa educaci\u00f3n ambiental y la participaci\u00f3n comunitaria ha sido fundamental en esta instancia, para que cada esfuerzo contribuya a la restauraci\u00f3n del ecosistema local. Estas actividades no solo tienen un impacto inmediato en la biodiversidad, sino que tambi\u00e9n promueven la conciencia ambiental y el sentido de responsabilidad hacia nuestro entorno. Seguiremos fomentando la colaboraci\u00f3n entre la ciudadan\u00eda y autoridades en la protecci\u00f3n de nuestro patrimonio natural, en el marco de la implementaci\u00f3n del proyecto GEF de restauraci\u00f3n de paisajes que junto a FAO nos ha permitido impulsar acciones en el cerro Cayumanque.<\/p>\n<p style=\"text-align: justify;\">Dentro de este contexto, es relevante se\u00f1alar que estas actividades est\u00e1n alineadas con el Plan Nacional de Restauraci\u00f3n de Paisajes impulsado por el Ministerio del Medio Ambiente. Esta iniciativa, clave en el Gobierno del Presidente Boric, resalta la importancia de acciones concretas para la recuperaci\u00f3n de nuestros ecosistemas. As\u00ed, en el cerro Cayumanque de Quill\u00f3n, estas labores no solo son parte de un proyecto local, sino que tambi\u00e9n contribuyen a una visi\u00f3n nacional de conservaci\u00f3n y restauraci\u00f3n ambiental.\u201d<\/p>\n<p style=\"text-align: justify;\">Para el Proyecto GEF Restauraci\u00f3n, se espera esta jornada sea la primera de muchas, ya que los desaf\u00edos que representan las especies invasoras son continuos. Ya se han programado m\u00e1s actividades de restauraci\u00f3n para el mes de mayo, extendiendo la iniciativa a otras \u00e1reas del cerro Cayumanque y a los paisajes circundantes que incluyen las comunas de Quill\u00f3n y Florida, regi\u00f3n del Biob\u00edo.<\/p>\n<p style=\"text-align: justify;\">Cabe se\u00f1alar que la comuna de Quill\u00f3n y sus alrededores son parte de un \u00e1rea cr\u00edtica para la biodiversidad, reconocida por la Estrategia Regional para la Conservaci\u00f3n de la Biodiversidad. Al respecto, el paisaje piloto birregional Cayumanque del Proyecto GEF Restauraci\u00f3n contiene la totalidad del sitio prioritario para la conservaci\u00f3n de la Biodiversidad Ecosistema Cayumanque, en el que est\u00e1n representadas cerca del 35% de la flora de la Cordillera de la Costa de las regiones de Biob\u00edo y \u00d1uble.<\/p>\n<p style=\"text-align: justify;\"><u>Proyecto GEF de Restauraci\u00f3n de Paisajes<\/u><\/p>\n<p style=\"text-align: justify;\">El Proyecto GEF Restauraci\u00f3n se implementa en la Ecorregi\u00f3n Mediterr\u00e1nea, que comprende desde la regi\u00f3n de Coquimbo hasta la del Biob\u00edo. Este tipo de ecosistemas es uno de los m\u00e1s relevantes y fr\u00e1giles del mundo, dado su valiosa biodiversidad, amenazada por el cambio clim\u00e1tico y la presi\u00f3n antr\u00f3pica.<\/p>\n<p style=\"text-align: justify;\">El proyecto cuenta con siete paisajes piloto ubicados en las regiones de Coquimbo, Valpara\u00edso, O\u2019Higgins, Maule, \u00d1uble y Biob\u00edo. En total, abarcar\u00e1 una superficie cercana a las 650 mil hect\u00e1reas, beneficiando a 10.000 personas.<\/p>\n<p style=\"text-align: justify;\">El proyecto GEF Restauraci\u00f3n forma parte de las iniciativas ambientales financiadas por el Fondo para el Medio Ambiente Mundial (GEF por sus siglas en ingl\u00e9s, Global Environment Facility), cuya agencia implementadora es la Organizaci\u00f3n de las Naciones Unidas para la Alimentaci\u00f3n y la Agricultura (FAO). La autoridad nacional responsable de supervisar su ejecuci\u00f3n es el Ministerio del Medio Ambiente, junto a la Corporaci\u00f3n Nacional Forestal CONAF como socio coejecutor.<\/p>\n<p style=\"text-align: justify;\">La iniciativa apoyar\u00e1 durante cinco a\u00f1os la implementaci\u00f3n Plan Nacional de Restauraci\u00f3n del Paisajes (PNRP), aprobado el 22 de diciembre de 2021 por el Consejo de ministros para la Sustentabilidad. Por ello, su dise\u00f1o y sus componentes est\u00e1n alineados con los ejes principales del PNRP y, por lo tanto, apoyar\u00e1n su implementaci\u00f3n a nivel nacional, regional y local en regiones y paisajes seleccionados, generando las lecciones y experiencias para ampliar a todo el pa\u00eds.<\/p>\n<p style=\"text-align: justify;\">Cabe destacar que el PNRP es parte de las Contribuciones Determinadas a Nivel Nacional (NDC) de nuestro pa\u00eds, que son los compromisos de los pa\u00edses para cumplir con el objetivo internacional de cambio clim\u00e1tico de limitar el aumento de la temperatura del planeta a trav\u00e9s de la reducci\u00f3n de las emisiones de Gases de Efecto Invernadero.<\/p>\n","protected":false},"excerpt":{"rendered":"<p>\u00d1uble, abril 2024: En un esfuerzo comunitario para restaurar el ecosistema del cerro Cayumanque, afectado gravemente por incendios forestales como el del a\u00f1o 2012 y 2023, se llev\u00f3 a cabo una jornada de extracci\u00f3n&#46;&#46;&#46;<\/p>\n","protected":false},"author":2,"featured_media":30618,"comment_status":"closed","ping_status":"closed","sticky":false,"template":"","format":"standard","meta":{"footnotes":""},"categories":[1],"tags":[3142,1115,1678,1227,8,6,117],"class_list":["post-30625","post","type-post","status-publish","format-standard","has-post-thumbnail","hentry","category-noticias","tag-cerro-cayumanque","tag-noticias","tag-nuble","tag-quillon","tag-yungay","tag-yungayino","tag-yungayinocl"],"_links":{"self":[{"href":"https:\/\/www.yungayino.cl\/noticias\/index.php?rest_route=\/wp\/v2\/posts\/30625","targetHints":{"allow":["GET"]}}],"collection":[{"href":"https:\/\/www.yungayino.cl\/noticias\/index.php?rest_route=\/wp\/v2\/posts"}],"about":[{"href":"https:\/\/www.yungayino.cl\/noticias\/index.php?rest_route=\/wp\/v2\/types\/post"}],"author":[{"embeddable":true,"href":"https:\/\/www.yungayino.cl\/noticias\/index.php?rest_route=\/wp\/v2\/users\/2"}],"replies":[{"embeddable":true,"href":"https:\/\/www.yungayino.cl\/noticias\/index.php?rest_route=%2Fwp%2Fv2%2Fcomments&post=30625"}],"version-history":[{"count":2,"href":"https:\/\/www.yungayino.cl\/noticias\/index.php?rest_route=\/wp\/v2\/posts\/30625\/revisions"}],"predecessor-version":[{"id":30627,"href":"https:\/\/www.yungayino.cl\/noticias\/index.php?rest_route=\/wp\/v2\/posts\/30625\/revisions\/30627"}],"wp:featuredmedia":[{"embeddable":true,"href":"https:\/\/www.yungayino.cl\/noticias\/index.php?rest_route=\/wp\/v2\/media\/30618"}],"wp:attachment":[{"href":"https:\/\/www.yungayino.cl\/noticias\/index.php?rest_route=%2Fwp%2Fv2%2Fmedia&parent=30625"}],"wp:term":[{"taxonomy":"category","embeddable":true,"href":"https:\/\/www.yungayino.cl\/noticias\/index.php?rest_route=%2Fwp%2Fv2%2Fcategories&post=30625"},{"taxonomy":"post_tag","embeddable":true,"href":"https:\/\/www.yungayino.cl\/noticias\/index.php?rest_route=%2Fwp%2Fv2%2Ftags&post=30625"}],"curies":[{"name":"wp","href":"https:\/\/api.w.org\/{rel}","templated":true}]}}