{"id":30628,"date":"2024-04-26T07:00:23","date_gmt":"2024-04-26T10:00:23","guid":{"rendered":"https:\/\/www.yungayino.cl\/noticias\/?p=30628"},"modified":"2024-04-20T14:41:15","modified_gmt":"2024-04-20T17:41:15","slug":"mario-kreutzberger-conoce-terreno-donde-se-construira-futuro-instituto-teleton-en-nuble","status":"publish","type":"post","link":"https:\/\/www.yungayino.cl\/noticias\/?p=30628","title":{"rendered":"Mario Kreutzberger Conoce Terreno Donde Se Construir\u00e1 Futuro Instituto Telet\u00f3n En \u00d1uble"},"content":{"rendered":"<p><img loading=\"lazy\" decoding=\"async\" class=\"alignnone wp-image-30622 size-full\" src=\"https:\/\/www.yungayino.cl\/noticias\/wp-content\/uploads\/2024\/04\/teleton-nuble-foto-portada.jpg\" alt=\"\" width=\"700\" height=\"350\" srcset=\"https:\/\/www.yungayino.cl\/noticias\/wp-content\/uploads\/2024\/04\/teleton-nuble-foto-portada.jpg 700w, https:\/\/www.yungayino.cl\/noticias\/wp-content\/uploads\/2024\/04\/teleton-nuble-foto-portada-300x150.jpg 300w\" sizes=\"auto, (max-width: 700px) 100vw, 700px\" \/><\/p>\n<p style=\"text-align: justify;\">\u00d1uble, abril 2024: A dos meses del cierre de la licitaci\u00f3n, el director honorario, visit\u00f3 la capital de \u00d1uble y estuvo junto al Gobernador Cris\u00f3stomo en el sitio donde se emplazar\u00e1 el centro de rehabilitaci\u00f3n.<\/p>\n<p style=\"text-align: justify;\">Acompa\u00f1ado de ni\u00f1os y ni\u00f1as usuarios de tratamiento de rehabilitaci\u00f3n, el cofundador y director honorario de Telet\u00f3n, Mario Kreutzberger, conoci\u00f3 el terreno donde se levantar\u00e1 el primer instituto de \u00d1uble, proyecto que cierra el proceso de licitaci\u00f3n en junio pr\u00f3ximo. La iniciativa es financiada por el Gobierno Regional y beneficiar\u00e1 a m\u00e1s de 800 familias que hoy viajan a otra regi\u00f3n en b\u00fasqueda de atenci\u00f3n.<\/p>\n<p style=\"text-align: justify;\">Fue el Gobernador \u00d3scar Cris\u00f3stomo quien explic\u00f3 al animador, junto al alcalde Camilo Benavente, los detalles del proyecto que estar\u00e1 emplazado en el sitio del ex Grupo Escolar en la ciudad de Chill\u00e1n e implica una inversi\u00f3n total de M$9.586.944, de los cuales de los cuales M$8.433.305 ser\u00e1n destinados a la ejecuci\u00f3n de obras; el resto corresponde a la inversi\u00f3n en equipos y veh\u00edculos para el funcionamiento integral del centro.<\/p>\n<p style=\"text-align: justify;\">Luego se conocer el terreno, Mario Kreutzberger expres\u00f3 su orgullo \u201cde poder estar en este momento en que el Gobernador \u00d3scar Cris\u00f3stomo quien logr\u00f3 que el Core, por unanimidad, aprobara este proyecto y don Camilo Benavente que cediera este terreno para que se construya aqu\u00ed el instituto n\u00famero 15 de la Telet\u00f3n, esto va a beneficiar 800 familias que deben viajar entre ida y vuelta como cuatro horas, dejar el resto de sus familias solos, cuando tienen ni\u00f1os con una discapacidad\u201d.<\/p>\n<p style=\"text-align: justify;\">El cofundador de Telet\u00f3n, destac\u00f3 que este proyecto \u201cdemuestra una vez m\u00e1s, como dice nuestro lema de este a\u00f1o, Juntos todos los d\u00edas, todo es posible, aqu\u00ed se uni\u00f3 el Gobernador con el alcalde, pero m\u00e1s que eso fue la comunidad tambi\u00e9n la que empuj\u00f3 para que existiera un instituto en esta regi\u00f3n que no ten\u00eda y eso nos va a permitir atender de la mejor manera y lo m\u00e1s importante, es que\u00a0 esta obra\u00a0 no le pertenece a una persona ni a un grupo de personas, es verdad que trabajan m\u00e1s de 1.100 funcionarios que tenemos 14 institutos, que tenemos 2.500 voluntarios, 32 mil pacientes activos, pero lo m\u00e1s importante es que juntos todos los d\u00edas entre todos los que viven en\u00a0 este pa\u00eds logramos esto\u00a0 durante 45 a\u00f1os\u201d.<\/p>\n<p>&nbsp;<\/p>\n<p style=\"text-align: justify;\"><strong>Cierre de licitaci\u00f3n en junio<\/strong><\/p>\n<p style=\"text-align: justify;\">El instituto Telet\u00f3n de \u00d1uble, contempla una infraestructura de aproximadamente 3.382 m2 en dos niveles, un subterr\u00e1neo para servicios y estacionamiento.<\/p>\n<p style=\"text-align: justify;\">Por su parte, el Gobernador Cris\u00f3stomo agradeci\u00f3 la visita de don Francisco, como tambi\u00e9n es conocido el animador, y destac\u00f3 la presencia de \u201cJonny, un joven que representa a cerca de 800 familias que actualmente se tienen que trasladar a otros puntos del pa\u00eds para poder ser atendidos y con esa convicci\u00f3n hace dos a\u00f1os atr\u00e1s, empezamos a empujar lo que era uno de los sue\u00f1os hist\u00f3ricos que ten\u00eda nuestra regi\u00f3n\u201d. Record\u00f3 que \u201cen ese caminar tuvimos el primer aliado que es la Fundaci\u00f3n Telet\u00f3n con quienes nos reunimos, conversamos con don Francisco, con los equipos, conocimos el centro Telet\u00f3n de Santiago, luego nos reunimos con el alcalde de Chill\u00e1n para sacar esta gran iniciativa donde el municipio dona gratuitamente este terreno, tambi\u00e9n est\u00e1 involucrado el Ministerio de Obras P\u00fablicas quien tiene que ejecutar esta obra que est\u00e1 en pleno proceso de licitaci\u00f3n y que cierra en el mes de junio, por lo tanto, tenemos la esperanza en que el segundo\u00a0 semestre estemos ejecutando las primeras obras en este lugar. Tambi\u00e9n quiero agradecer a nuestros consejeros regionales, porque ellos en forma un\u00e1nime, aprobaron los m\u00e1s de 9 mil millones que van a implicar la construcci\u00f3n y algunos equipamientos\u201d.<\/p>\n<p style=\"text-align: justify;\">Como madre de un usuario de Telet\u00f3n, Ivone de la Barra, valor\u00f3 con mucho entusiasmo esta obra porque su hijo Tom\u00e1s, ahora de 18 a\u00f1os, \u201clleg\u00f3 a rehabilitaci\u00f3n a los dos meses y la verdad es que el impacto que ha generado esta nueva construcci\u00f3n de la Telet\u00f3n en Chill\u00e1n ha sido maravilloso, ya que hay muchas familias que se les torna complejo, principalmente en el invierno, poder trasladarse a la ciudad de Concepci\u00f3n. Tambi\u00e9n esto me motiv\u00f3 de forma personal a crear un centro psicopedag\u00f3gico hace m\u00e1s de 10 a\u00f1os, en el cual tambi\u00e9n contribuye en el taller laboral para trabajar con j\u00f3venes adultos con capacidades diferentes y toda esa iniciativa nace desde la mirada de una mam\u00e1 de Telet\u00f3n\u201d.<\/p>\n<p>&nbsp;<\/p>\n<p style=\"text-align: justify;\"><strong>Cronolog\u00eda del proyecto<\/strong><\/p>\n<p style=\"text-align: justify;\">Obras de esta envergadura, recorren un largo camino antes de concretarse. De hecho, el primer hito de este instituto se concret\u00f3 en agosto del 2021, cuando el Gobernador Cris\u00f3stomo firm\u00f3 junto a la Fundaci\u00f3n Telet\u00f3n un acuerdo para trabajar el proyecto de construcci\u00f3n del Centro Telet\u00f3n en \u00d1uble.<\/p>\n<p style=\"text-align: justify;\">A fines de junio del 2022 un equipo de profesionales de Telet\u00f3n, presentaron los avances del dise\u00f1o del centro de rehabilitaci\u00f3n en Chill\u00e1n. En octubre de ese a\u00f1o, el Gobierno Regional ingres\u00f3 la iniciativa al Ministerio de Desarrollo Social para su pronta aprobaci\u00f3n y al mes siguiente, en la antesala de la versi\u00f3n N\u00b0 33 de la jornada de solidaridad, el Consejo Regional de \u00d1uble comprometi\u00f3 el financiamiento para la construcci\u00f3n del instituto.<\/p>\n<p style=\"text-align: justify;\">La Recomendaci\u00f3n Satisfactoria fue emitida por el Ministerio de Desarrollo Social en mayo del 2023, lo que implic\u00f3 que el proyecto contaba con todos los requisitos para comenzar su ejecuci\u00f3n, previa aprobaci\u00f3n del Consejo Regional.<\/p>\n<p style=\"text-align: justify;\">El Consejo Regional de \u00d1uble aprob\u00f3 en junio del 2023, los recursos del futuro edificio y el proceso de licitaci\u00f3n se inici\u00f3 en noviembre cuando la Ministra de Obras P\u00fablicas y Gobernador Cris\u00f3stomo anunciaron que se subi\u00f3 a la plataforma de Mercado P\u00fablico, la licitaci\u00f3n de la construcci\u00f3n del Centro Telet\u00f3n de Chill\u00e1n.<\/p>\n<p>&nbsp;<\/p>\n<p><img loading=\"lazy\" decoding=\"async\" class=\"wp-image-30621 size-full aligncenter\" src=\"https:\/\/www.yungayino.cl\/noticias\/wp-content\/uploads\/2024\/04\/teleton-nuble-foto-interior.jpg\" alt=\"\" width=\"700\" height=\"612\" srcset=\"https:\/\/www.yungayino.cl\/noticias\/wp-content\/uploads\/2024\/04\/teleton-nuble-foto-interior.jpg 700w, https:\/\/www.yungayino.cl\/noticias\/wp-content\/uploads\/2024\/04\/teleton-nuble-foto-interior-300x262.jpg 300w\" sizes=\"auto, (max-width: 700px) 100vw, 700px\" \/><\/p>\n","protected":false},"excerpt":{"rendered":"<p>\u00d1uble, abril 2024: A dos meses del cierre de la licitaci\u00f3n, el director honorario, visit\u00f3 la capital de \u00d1uble y estuvo junto al Gobernador Cris\u00f3stomo en el sitio donde se emplazar\u00e1 el centro de&#46;&#46;&#46;<\/p>\n","protected":false},"author":2,"featured_media":30622,"comment_status":"closed","ping_status":"closed","sticky":false,"template":"","format":"standard","meta":{"footnotes":""},"categories":[1,1675,1676,32],"tags":[728,1115,1678,289,8,6,117],"class_list":["post-30628","post","type-post","status-publish","format-standard","has-post-thumbnail","hentry","category-noticias","category-saludc","category-salud","category-servicios","tag-chillan","tag-noticias","tag-nuble","tag-teleton","tag-yungay","tag-yungayino","tag-yungayinocl"],"_links":{"self":[{"href":"https:\/\/www.yungayino.cl\/noticias\/index.php?rest_route=\/wp\/v2\/posts\/30628","targetHints":{"allow":["GET"]}}],"collection":[{"href":"https:\/\/www.yungayino.cl\/noticias\/index.php?rest_route=\/wp\/v2\/posts"}],"about":[{"href":"https:\/\/www.yungayino.cl\/noticias\/index.php?rest_route=\/wp\/v2\/types\/post"}],"author":[{"embeddable":true,"href":"https:\/\/www.yungayino.cl\/noticias\/index.php?rest_route=\/wp\/v2\/users\/2"}],"replies":[{"embeddable":true,"href":"https:\/\/www.yungayino.cl\/noticias\/index.php?rest_route=%2Fwp%2Fv2%2Fcomments&post=30628"}],"version-history":[{"count":3,"href":"https:\/\/www.yungayino.cl\/noticias\/index.php?rest_route=\/wp\/v2\/posts\/30628\/revisions"}],"predecessor-version":[{"id":30631,"href":"https:\/\/www.yungayino.cl\/noticias\/index.php?rest_route=\/wp\/v2\/posts\/30628\/revisions\/30631"}],"wp:featuredmedia":[{"embeddable":true,"href":"https:\/\/www.yungayino.cl\/noticias\/index.php?rest_route=\/wp\/v2\/media\/30622"}],"wp:attachment":[{"href":"https:\/\/www.yungayino.cl\/noticias\/index.php?rest_route=%2Fwp%2Fv2%2Fmedia&parent=30628"}],"wp:term":[{"taxonomy":"category","embeddable":true,"href":"https:\/\/www.yungayino.cl\/noticias\/index.php?rest_route=%2Fwp%2Fv2%2Fcategories&post=30628"},{"taxonomy":"post_tag","embeddable":true,"href":"https:\/\/www.yungayino.cl\/noticias\/index.php?rest_route=%2Fwp%2Fv2%2Ftags&post=30628"}],"curies":[{"name":"wp","href":"https:\/\/api.w.org\/{rel}","templated":true}]}}