{"id":30642,"date":"2024-05-09T07:00:05","date_gmt":"2024-05-09T10:00:05","guid":{"rendered":"https:\/\/www.yungayino.cl\/noticias\/?p=30642"},"modified":"2024-05-01T19:50:28","modified_gmt":"2024-05-01T22:50:28","slug":"estabilizacion-de-tarifas-electricas-beneficiara-a-mas-de-un-millon-de-hogares-vulnerables-del-pais","status":"publish","type":"post","link":"https:\/\/www.yungayino.cl\/noticias\/?p=30642","title":{"rendered":"Estabilizaci\u00f3n De Tarifas El\u00e9ctricas Beneficiar\u00e1 A M\u00e1s De Un Mill\u00f3n De Hogares Vulnerables Del Pa\u00eds"},"content":{"rendered":"<p><img loading=\"lazy\" decoding=\"async\" class=\"alignnone wp-image-30643 size-full\" src=\"https:\/\/www.yungayino.cl\/noticias\/wp-content\/uploads\/2024\/05\/Foto-CP_Segegob-energia.png\" alt=\"\" width=\"700\" height=\"350\" srcset=\"https:\/\/www.yungayino.cl\/noticias\/wp-content\/uploads\/2024\/05\/Foto-CP_Segegob-energia.png 700w, https:\/\/www.yungayino.cl\/noticias\/wp-content\/uploads\/2024\/05\/Foto-CP_Segegob-energia-300x150.png 300w\" sizes=\"auto, (max-width: 700px) 100vw, 700px\" \/><\/p>\n<p style=\"text-align: justify;\">Mayo 2024: Desde \u00d1uble los Seremis de Energ\u00eda y Gobierno, valoraron el anuncio del Ministerio de Energ\u00eda sobre la publicaci\u00f3n de la Ley de Estabilizaci\u00f3n de las Tarifas El\u00e9ctricas en el Diario Oficial, la que permitir\u00e1 tambi\u00e9n bajar las cuentas de la luz a las familias que residen en comunas donde hay centrales de generaci\u00f3n el\u00e9ctrica a carb\u00f3n y que incluye un subsidio que apoyar\u00e1 a un mill\u00f3n de hogares vulnerables, abarcando alrededor de tres millones de personas.<\/p>\n<p style=\"text-align: justify;\">Este proyecto de ley evitar\u00e1 que, por ejemplo, un minimarket de alguna comuna de \u00d1uble vea duplicada su cuenta actual, permitiendo que, en vez de pagar $500 mil, pague $310 mil. Lo mismo con un hogar en que varias familias comparten un solo medidor, quienes pagar\u00e1n $120 mil en vez de los $200 mil que tendr\u00edan que pagar en el caso que no se aprobado el proyecto del Ministerio de Energ\u00eda.<\/p>\n<p style=\"text-align: justify;\">La Seremi de Gobierno, Valentina Pradenas, valor\u00f3 la entrada en vigencia de esta ley: \u201cqueremos estar presentes con las familias m\u00e1s vulnerables de Chile y nuestra regi\u00f3n, acompa\u00f1arlos y ayudarlos en los momentos dif\u00edciles, aliviando la carga econ\u00f3mica que sabemos muchas de ellas viven d\u00eda a d\u00eda. No son solo palabras, con este proyecto nos estamos haciendo cargo de un porcentaje importante de familias que hoy en d\u00eda necesitan este importante apoyo econ\u00f3mico\u201d.<\/p>\n<p style=\"text-align: justify;\">La ley se hace cargo de\u00a0<strong>mitigar las importantes alzas proyectadas por la Comisi\u00f3n Nacional de Energ\u00eda (CNE)<\/strong>\u00a0que hoy podr\u00edan llegar a incrementos de hasta 150% para el segmento no protegido por el actual mecanismo MPC, como pymes y familias que comparten medidores.<\/p>\n<p style=\"text-align: justify;\">Por su parte, el Seremi de Energ\u00eda, Denis Rivas, explic\u00f3 que est\u00e1 ley reafirma el compromiso del Gobierno del presidente, Gabriel Boric, con aliviar el costo de la vida y agreg\u00f3 que \u201cesta medida fue trabajada desde el Ministerio de Energ\u00eda, con el objetivo de hacerse cargo de una deuda que se arrastra desde el congelamiento de tarifas en la pandemia\u201d.<\/p>\n<p style=\"text-align: justify;\">Finalmente, las autoridades afirmaron que este in\u00e9dito subsidio cubrir\u00e1 el costo de una canasta b\u00e1sica de electricidad en un hogar, descuento que se aplicar\u00e1 directamente en la boleta de los clientes. M\u00e1s detalles de la implementaci\u00f3n de este subsidio quedar\u00e1n consignados en el reglamento de la ley que el Ministerio de Energ\u00eda ya se encuentra trabajando.<\/p>\n","protected":false},"excerpt":{"rendered":"<p>Mayo 2024: Desde \u00d1uble los Seremis de Energ\u00eda y Gobierno, valoraron el anuncio del Ministerio de Energ\u00eda sobre la publicaci\u00f3n de la Ley de Estabilizaci\u00f3n de las Tarifas El\u00e9ctricas en el Diario Oficial, la&#46;&#46;&#46;<\/p>\n","protected":false},"author":2,"featured_media":30643,"comment_status":"closed","ping_status":"closed","sticky":false,"template":"","format":"standard","meta":{"footnotes":""},"categories":[1,32,2567],"tags":[1362,1115,3144,8,6,117],"class_list":["post-30642","post","type-post","status-publish","format-standard","has-post-thumbnail","hentry","category-noticias","category-servicios","category-social","tag-ministro-de-energia","tag-noticias","tag-tarifas-electricas","tag-yungay","tag-yungayino","tag-yungayinocl"],"_links":{"self":[{"href":"https:\/\/www.yungayino.cl\/noticias\/index.php?rest_route=\/wp\/v2\/posts\/30642","targetHints":{"allow":["GET"]}}],"collection":[{"href":"https:\/\/www.yungayino.cl\/noticias\/index.php?rest_route=\/wp\/v2\/posts"}],"about":[{"href":"https:\/\/www.yungayino.cl\/noticias\/index.php?rest_route=\/wp\/v2\/types\/post"}],"author":[{"embeddable":true,"href":"https:\/\/www.yungayino.cl\/noticias\/index.php?rest_route=\/wp\/v2\/users\/2"}],"replies":[{"embeddable":true,"href":"https:\/\/www.yungayino.cl\/noticias\/index.php?rest_route=%2Fwp%2Fv2%2Fcomments&post=30642"}],"version-history":[{"count":1,"href":"https:\/\/www.yungayino.cl\/noticias\/index.php?rest_route=\/wp\/v2\/posts\/30642\/revisions"}],"predecessor-version":[{"id":30644,"href":"https:\/\/www.yungayino.cl\/noticias\/index.php?rest_route=\/wp\/v2\/posts\/30642\/revisions\/30644"}],"wp:featuredmedia":[{"embeddable":true,"href":"https:\/\/www.yungayino.cl\/noticias\/index.php?rest_route=\/wp\/v2\/media\/30643"}],"wp:attachment":[{"href":"https:\/\/www.yungayino.cl\/noticias\/index.php?rest_route=%2Fwp%2Fv2%2Fmedia&parent=30642"}],"wp:term":[{"taxonomy":"category","embeddable":true,"href":"https:\/\/www.yungayino.cl\/noticias\/index.php?rest_route=%2Fwp%2Fv2%2Fcategories&post=30642"},{"taxonomy":"post_tag","embeddable":true,"href":"https:\/\/www.yungayino.cl\/noticias\/index.php?rest_route=%2Fwp%2Fv2%2Ftags&post=30642"}],"curies":[{"name":"wp","href":"https:\/\/api.w.org\/{rel}","templated":true}]}}