{"id":30645,"date":"2024-05-16T07:00:48","date_gmt":"2024-05-16T10:00:48","guid":{"rendered":"https:\/\/www.yungayino.cl\/noticias\/?p=30645"},"modified":"2024-05-01T19:52:19","modified_gmt":"2024-05-01T22:52:19","slug":"dia-de-los-patrimonios-invita-a-celebrar-25-anos-de-historias","status":"publish","type":"post","link":"https:\/\/www.yungayino.cl\/noticias\/?p=30645","title":{"rendered":"D\u00eda De Los Patrimonios Invita A Celebrar 25 A\u00f1os De Historias"},"content":{"rendered":"<p><img loading=\"lazy\" decoding=\"async\" class=\"alignnone wp-image-30646 size-full\" src=\"https:\/\/www.yungayino.cl\/noticias\/wp-content\/uploads\/2024\/05\/seremi-culturas-y-dir-regional-patrimonio.jpg\" alt=\"\" width=\"700\" height=\"350\" srcset=\"https:\/\/www.yungayino.cl\/noticias\/wp-content\/uploads\/2024\/05\/seremi-culturas-y-dir-regional-patrimonio.jpg 700w, https:\/\/www.yungayino.cl\/noticias\/wp-content\/uploads\/2024\/05\/seremi-culturas-y-dir-regional-patrimonio-300x150.jpg 300w\" sizes=\"auto, (max-width: 700px) 100vw, 700px\" \/><\/p>\n<p style=\"text-align: justify;\">Mayo 2024: Se espera convocar a m\u00e1s de un mill\u00f3n de personas en el evento cultural m\u00e1s grande del pa\u00eds que, desde su creaci\u00f3n en 1999, se ha transformado en una tradici\u00f3n imperdible gracias a una cartelera patrimonial cuyas <strong>inscripciones estar\u00e1n abiertas hasta el 22 de mayo<\/strong>.<\/p>\n<p style=\"text-align: justify;\">Frente al \u00edcono de \u00d1uble, el Monumento Hist\u00f3rico Catedral de Chill\u00e1n, las autoridades regionales del Ministerio de las Culturas, las Artes y el Patrimonio en la regi\u00f3n invitaron a participar de la nueva edici\u00f3n del D\u00eda de los Patrimonios, que el 25 y 26 de mayo conmemora su vig\u00e9simo quinto aniversario. Las organizaciones e instituciones que quieran ser parte de este encuentro hist\u00f3rico pueden registrar sus actividades hasta el 22 de mayo, en el sitio web <a href=\"http:\/\/www.diadelospatrimonios.cl\">www.diadelospatrimonios.cl<\/a>.<\/p>\n<p style=\"text-align: justify;\">Aperturas de espacios patrimoniales, recorridos culturales, exposiciones, talleres, obras de teatro y juegos son algunas de las iniciativas presentes a lo largo de estos a\u00f1os. En esta versi\u00f3n especial, el D\u00eda de los Patrimonios presenta como principal innovaci\u00f3n ofrecer alternativas m\u00e1s all\u00e1 de las fronteras, haciendo un especial llamado en colaboraci\u00f3n con organismos internacionales y a la comunidad chilena que reside en el extranjero a sumarse a este encuentro ciudadano.<\/p>\n<p style=\"text-align: justify;\">\u201cEn el a\u00f1o 2023, en \u00d1uble contamos con la inscripci\u00f3n de 86 actividades y esperamos que cada vez nos podamos acercar al centenar de acciones que busquen difundir y poner en valor la identidad regional a trav\u00e9s de su patrimonio cultural. Una vez m\u00e1s queremos invitar a instituciones p\u00fablicas y privadas a sumarse a esta gran fiesta cultural que nos enorgullece cada a\u00f1o y que promueve nuestros mejores valores como sociedad\u201d, expres\u00f3 la seremi de las Culturas, las Artes y el Patrimonio de \u00d1uble, Scarlet Hidalgo Jara.<\/p>\n<p style=\"text-align: justify;\">En la realizaci\u00f3n de esta multitudinaria actividad, el voluntariado patrimonial cumple un rol fundamental. Durante dos d\u00e9cadas, cientos de personas han colaborado en visitas guiadas, entrega de informaci\u00f3n y otras funciones m\u00e1s que, desde el 2018, son gestionadas junto a Injuv. La instituci\u00f3n hizo un llamado a quienes deseen inscribirse, especialmente j\u00f3venes entre 18 y 29 a\u00f1os, a postular en la p\u00e1gina web <a href=\"https:\/\/extranet.injuv.gob.cl\/dia_del_patrimonio\">https:\/\/extranet.injuv.gob.cl\/dia_del_patrimonio<\/a>. Todo ser\u00e1 acompa\u00f1ado por una capacitaci\u00f3n y certificaci\u00f3n.<\/p>\n<p style=\"text-align: justify;\">\u201cLas instituciones que inscriban sus actividades en la p\u00e1gina diadelospatrimonios.cl tambi\u00e9n pueden solicitar el apoyo de voluntarios desde la misma plataforma. Desde el Servicio del Patrimonio Cultural colaboraremos para que las actividades cuenten con este apoyo tan relevante para el \u00e9xito de sus actividades\u201d, precis\u00f3 la directora regional del Serpat, Melisa Barriga.<\/p>\n<p style=\"text-align: justify;\">Como ya es tradici\u00f3n, tambi\u00e9n se desarrollar\u00e1n talleres nacionales de co-creaci\u00f3n, para entregar herramientas a las organizaciones en el dise\u00f1o de actividades. A nivel nacional, ser\u00e1n en l\u00ednea y contar\u00e1n con una oferta que incluye estrategias pr\u00e1cticas para el dise\u00f1o de exposiciones temporales, rutas patrimoniales y uso de redes sociales. Adem\u00e1s de aquellos dirigidos a la aplicaci\u00f3n del enfoque de derechos culturales en los \u00e1mbitos de pueblos originarios, patrimonio cultural inmaterial, g\u00e9nero, inclusi\u00f3n y memorias.<\/p>\n","protected":false},"excerpt":{"rendered":"<p>Mayo 2024: Se espera convocar a m\u00e1s de un mill\u00f3n de personas en el evento cultural m\u00e1s grande del pa\u00eds que, desde su creaci\u00f3n en 1999, se ha transformado en una tradici\u00f3n imperdible gracias&#46;&#46;&#46;<\/p>\n","protected":false},"author":2,"featured_media":30646,"comment_status":"closed","ping_status":"closed","sticky":false,"template":"","format":"standard","meta":{"footnotes":""},"categories":[1],"tags":[1556,1115,8,6,117],"class_list":["post-30645","post","type-post","status-publish","format-standard","has-post-thumbnail","hentry","category-noticias","tag-dia-patrimonio","tag-noticias","tag-yungay","tag-yungayino","tag-yungayinocl"],"_links":{"self":[{"href":"https:\/\/www.yungayino.cl\/noticias\/index.php?rest_route=\/wp\/v2\/posts\/30645","targetHints":{"allow":["GET"]}}],"collection":[{"href":"https:\/\/www.yungayino.cl\/noticias\/index.php?rest_route=\/wp\/v2\/posts"}],"about":[{"href":"https:\/\/www.yungayino.cl\/noticias\/index.php?rest_route=\/wp\/v2\/types\/post"}],"author":[{"embeddable":true,"href":"https:\/\/www.yungayino.cl\/noticias\/index.php?rest_route=\/wp\/v2\/users\/2"}],"replies":[{"embeddable":true,"href":"https:\/\/www.yungayino.cl\/noticias\/index.php?rest_route=%2Fwp%2Fv2%2Fcomments&post=30645"}],"version-history":[{"count":1,"href":"https:\/\/www.yungayino.cl\/noticias\/index.php?rest_route=\/wp\/v2\/posts\/30645\/revisions"}],"predecessor-version":[{"id":30647,"href":"https:\/\/www.yungayino.cl\/noticias\/index.php?rest_route=\/wp\/v2\/posts\/30645\/revisions\/30647"}],"wp:featuredmedia":[{"embeddable":true,"href":"https:\/\/www.yungayino.cl\/noticias\/index.php?rest_route=\/wp\/v2\/media\/30646"}],"wp:attachment":[{"href":"https:\/\/www.yungayino.cl\/noticias\/index.php?rest_route=%2Fwp%2Fv2%2Fmedia&parent=30645"}],"wp:term":[{"taxonomy":"category","embeddable":true,"href":"https:\/\/www.yungayino.cl\/noticias\/index.php?rest_route=%2Fwp%2Fv2%2Fcategories&post=30645"},{"taxonomy":"post_tag","embeddable":true,"href":"https:\/\/www.yungayino.cl\/noticias\/index.php?rest_route=%2Fwp%2Fv2%2Ftags&post=30645"}],"curies":[{"name":"wp","href":"https:\/\/api.w.org\/{rel}","templated":true}]}}