{"id":30652,"date":"2024-05-03T16:00:40","date_gmt":"2024-05-03T19:00:40","guid":{"rendered":"https:\/\/www.yungayino.cl\/noticias\/?p=30652"},"modified":"2024-05-03T17:30:55","modified_gmt":"2024-05-03T20:30:55","slug":"la-comunidad-de-campanario-conocio-las-instalaciones-del-nuevo-cesfam-modular-y-dispositivo-de-atencion-integral-para-personas-del-espectro-autista","status":"publish","type":"post","link":"https:\/\/www.yungayino.cl\/noticias\/?p=30652","title":{"rendered":"La Comunidad De Campanario Conoci\u00f3 Las Instalaciones Del Nuevo Cesfam Modular Y Dispositivo De Atenci\u00f3n Integral Para Personas Del Espectro Autista"},"content":{"rendered":"<p><img loading=\"lazy\" decoding=\"async\" class=\"alignnone wp-image-30653 size-full\" src=\"https:\/\/www.yungayino.cl\/noticias\/wp-content\/uploads\/2024\/05\/cesfam-modular-Campanario-1.jpg\" alt=\"\" width=\"700\" height=\"350\" srcset=\"https:\/\/www.yungayino.cl\/noticias\/wp-content\/uploads\/2024\/05\/cesfam-modular-Campanario-1.jpg 700w, https:\/\/www.yungayino.cl\/noticias\/wp-content\/uploads\/2024\/05\/cesfam-modular-Campanario-1-300x150.jpg 300w\" sizes=\"auto, (max-width: 700px) 100vw, 700px\" \/><\/p>\n<p style=\"text-align: justify;\">Campanario, mayo 2024: M\u00e1s de 600 millones de pesos fue la inversi\u00f3n del Ministerio de Salud para habilitar estas dependencias de atenci\u00f3n transitoria, que durante las pr\u00f3ximas semanas iniciar\u00e1n su funcionamiento.<\/p>\n<p style=\"text-align: justify;\">En una significativa ceremonia, autoridades de \u00d1uble presentaron a la comunidad las instalaciones del nuevo Cesfam Modular de Campanario. El establecimiento iniciar\u00e1 su puesta en marcha durante las pr\u00f3ximas semanas, entregando distintas atenciones, en un mejor espacio tras el incendio que destruy\u00f3 el antiguo establecimiento durante 2022.<\/p>\n<p style=\"text-align: justify;\">A su vez, junto a las y los representantes de la Agrupaci\u00f3n TEA San Andr\u00e9s Corazones Azules de Campanario, se dio el vamos al dispositivo de atenci\u00f3n integral llamado \u201cEspacio Creaci\u00f3n\u201d, el cual, permitir\u00e1 atender a personas con Condici\u00f3n del Espectro Autista y sus familias. Un proyecto financiado por el Servicio de Salud \u00d1uble (SS\u00d1), a trav\u00e9s de las iniciativas de Buenas Pr\u00e1cticas en Salud.<\/p>\n<p style=\"text-align: justify;\">En la instancia, la Directora del SS\u00d1, Elizabeth Abarca Trivi\u00f1o, detall\u00f3: \u201cEstamos muy contentos de acompa\u00f1ar a la comunidad de Campanario, quienes han podido ver y recorrer las que ser\u00e1n las nuevas dependencias del Cesfam Modular de tr\u00e1nsito hacia el centro de salud definitivo. Se trata de una inversi\u00f3n de 600 millones de pesos, provistos a trav\u00e9s del programa de Apoyo a la Gesti\u00f3n Local del Ministerio de Salud, que permitieron financiar estas dependencias que ser\u00e1n utilizadas para atender a la comunidad en espacios m\u00e1s c\u00f3modos y seguros, tanto para usuarios como para funcionarios. Adem\u00e1s, inauguramos un domo, gracias a un proyecto presentado por la Agrupaci\u00f3n Corazones Azules, destinado a brindar atenciones a usuarios TEA a trav\u00e9s de profesionales capacitados\u201d.<\/p>\n<p style=\"text-align: justify;\">La jornada cont\u00f3 con la presencia del Gobernador Regional, \u00d3scar Cris\u00f3stomo Llanos, quien dio cuenta del apoyo del Gobierno Regional de \u00d1uble para el dise\u00f1o del proyecto de reposici\u00f3n del establecimiento de salud.<\/p>\n<p style=\"text-align: justify;\">Por su parte, el Alcalde de Yungay, Rafael Cifuentes Rodr\u00edguez, enfatiz\u00f3 que, \u201cagradecer al Ministerio de Salud y al Servicio de Salud \u00d1uble por hacer posible contar con los recursos que permitieron levantar este reconfortante espacio que prontamente comenzar\u00e1 a funcionar, con lugares que re\u00fanen las condiciones para atender a la comunidad\u201d.<\/p>\n<p style=\"text-align: justify;\">Se trata de una soluci\u00f3n temporal, hasta la construcci\u00f3n definitiva del establecimiento, que fue afectado por un incendio durante 2022.<\/p>\n<p style=\"text-align: justify;\">Espacio Creaci\u00f3n<\/p>\n<p style=\"text-align: justify;\">La Presidenta de la Agrupaci\u00f3n TEA San Andr\u00e9s Corazones Azules, Cecilia Miranda, recalc\u00f3 lo importante que es contar con un dispositivo dedicado a la atenci\u00f3n de las y los usuarios TEA, precisando que, \u201cestamos muy felices de contar con este espacio para toda la comunidad neurodivergente, ni\u00f1os, ni\u00f1as y j\u00f3venes. La Comunidad Campanarina est\u00e1 dando grandes pasos hacia la inclusi\u00f3n, porque estamos otorgando la oportunidad a personas que ven el mundo de manera diferente y le da un color a la vida de cada uno de nosotros\u201d.<\/p>\n<p style=\"text-align: justify;\">Importantes avances que vienen a consolidar la labor que se realiza en la red asistencial de la puerta sur de la Regi\u00f3n de \u00d1uble.<\/p>\n<p>&nbsp;<\/p>\n<p style=\"text-align: center;\"><strong>FOTOGRAF\u00cdAS:<\/strong><\/p>\n<p style=\"text-align: center;\"><strong><iframe loading=\"lazy\" style=\"border: none; overflow: hidden;\" src=\"https:\/\/www.facebook.com\/plugins\/post.php?href=https%3A%2F%2Fwww.facebook.com%2Fyungayino.cl%2Fposts%2Fpfbid02B1umsAPLqaSDtNsQmDTK5KUAqHuH1KobKk6qJmZoKgpDqYVBg8Xrkbzk1KBoZZBRl&amp;show_text=true&amp;width=500&amp;is_preview=true\" width=\"500\" height=\"844\" frameborder=\"0\" scrolling=\"no\" allowfullscreen=\"allowfullscreen\"><\/iframe><\/strong><\/p>\n","protected":false},"excerpt":{"rendered":"<p>Campanario, mayo 2024: M\u00e1s de 600 millones de pesos fue la inversi\u00f3n del Ministerio de Salud para habilitar estas dependencias de atenci\u00f3n transitoria, que durante las pr\u00f3ximas semanas iniciar\u00e1n su funcionamiento. En una significativa&#46;&#46;&#46;<\/p>\n","protected":false},"author":2,"featured_media":30653,"comment_status":"closed","ping_status":"closed","sticky":false,"template":"","format":"standard","meta":{"footnotes":""},"categories":[1,1675,1676,32],"tags":[31,2709,1115,1678,65,8,6,117],"class_list":["post-30652","post","type-post","status-publish","format-standard","has-post-thumbnail","hentry","category-noticias","category-saludc","category-salud","category-servicios","tag-campanario","tag-cesfam-modular","tag-noticias","tag-nuble","tag-salud","tag-yungay","tag-yungayino","tag-yungayinocl"],"_links":{"self":[{"href":"https:\/\/www.yungayino.cl\/noticias\/index.php?rest_route=\/wp\/v2\/posts\/30652","targetHints":{"allow":["GET"]}}],"collection":[{"href":"https:\/\/www.yungayino.cl\/noticias\/index.php?rest_route=\/wp\/v2\/posts"}],"about":[{"href":"https:\/\/www.yungayino.cl\/noticias\/index.php?rest_route=\/wp\/v2\/types\/post"}],"author":[{"embeddable":true,"href":"https:\/\/www.yungayino.cl\/noticias\/index.php?rest_route=\/wp\/v2\/users\/2"}],"replies":[{"embeddable":true,"href":"https:\/\/www.yungayino.cl\/noticias\/index.php?rest_route=%2Fwp%2Fv2%2Fcomments&post=30652"}],"version-history":[{"count":4,"href":"https:\/\/www.yungayino.cl\/noticias\/index.php?rest_route=\/wp\/v2\/posts\/30652\/revisions"}],"predecessor-version":[{"id":30657,"href":"https:\/\/www.yungayino.cl\/noticias\/index.php?rest_route=\/wp\/v2\/posts\/30652\/revisions\/30657"}],"wp:featuredmedia":[{"embeddable":true,"href":"https:\/\/www.yungayino.cl\/noticias\/index.php?rest_route=\/wp\/v2\/media\/30653"}],"wp:attachment":[{"href":"https:\/\/www.yungayino.cl\/noticias\/index.php?rest_route=%2Fwp%2Fv2%2Fmedia&parent=30652"}],"wp:term":[{"taxonomy":"category","embeddable":true,"href":"https:\/\/www.yungayino.cl\/noticias\/index.php?rest_route=%2Fwp%2Fv2%2Fcategories&post=30652"},{"taxonomy":"post_tag","embeddable":true,"href":"https:\/\/www.yungayino.cl\/noticias\/index.php?rest_route=%2Fwp%2Fv2%2Ftags&post=30652"}],"curies":[{"name":"wp","href":"https:\/\/api.w.org\/{rel}","templated":true}]}}