{"id":30678,"date":"2024-05-07T07:00:32","date_gmt":"2024-05-07T10:00:32","guid":{"rendered":"https:\/\/www.yungayino.cl\/noticias\/?p=30678"},"modified":"2024-05-06T23:26:53","modified_gmt":"2024-05-07T02:26:53","slug":"programa-mujeres-jefas-de-hogar-2024","status":"publish","type":"post","link":"https:\/\/www.yungayino.cl\/noticias\/?p=30678","title":{"rendered":"Programa Mujeres Jefas De Hogar 2024"},"content":{"rendered":"<p><img loading=\"lazy\" decoding=\"async\" class=\"alignnone wp-image-30672 size-full\" src=\"https:\/\/www.yungayino.cl\/noticias\/wp-content\/uploads\/2024\/05\/programa-jefas-de-hogar.jpg\" alt=\"\" width=\"700\" height=\"350\" srcset=\"https:\/\/www.yungayino.cl\/noticias\/wp-content\/uploads\/2024\/05\/programa-jefas-de-hogar.jpg 700w, https:\/\/www.yungayino.cl\/noticias\/wp-content\/uploads\/2024\/05\/programa-jefas-de-hogar-300x150.jpg 300w\" sizes=\"auto, (max-width: 700px) 100vw, 700px\" \/><\/p>\n<p style=\"text-align: justify;\">Yungay, mayo 2024: En una emblem\u00e1tica ceremonia nuestro el Rafael Cifuentes Rodr\u00edguez junto a la Directora Regional del Servicio Nacional de la Mujer y la Equidad de G\u00e9nero, N\u00edcol Ulloa Castillo, dieron la bienvenida a 80 nuevas usuarias del programa Mujeres Jefas de Hogar 2024.<\/p>\n<p style=\"text-align: justify;\">La iniciativa impulsada por el Servicio Nacional de la Mujer y la Equidad de G\u00e9nero tiene como misi\u00f3n fortalecer las autonom\u00edas y ejercicio pleno de derechos y deberes de la diversidad de las mujeres, a trav\u00e9s de un conjunto de herramientas que les permitan generar y gestionar ingresos y recursos propios a partir del trabajo remunerado, el acceso a la oferta p\u00fablica y a oportunidades de conciliaci\u00f3n trabajo remunerado, dom\u00e9stico y de cuidados.<\/p>\n<p style=\"text-align: justify;\">\u201cEste programa nos impulsa a crecer como sociedad y apoyar la autonom\u00eda econ\u00f3mica de las mujeres yungayinas por medio de distintas iniciativas que les permitan recibir dinero por sus propios medios, sin tener que depender de un tercero\u201d sostuvo el alcalde.<\/p>\n","protected":false},"excerpt":{"rendered":"<p>Yungay, mayo 2024: En una emblem\u00e1tica ceremonia nuestro el Rafael Cifuentes Rodr\u00edguez junto a la Directora Regional del Servicio Nacional de la Mujer y la Equidad de G\u00e9nero, N\u00edcol Ulloa Castillo, dieron la bienvenida&#46;&#46;&#46;<\/p>\n","protected":false},"author":2,"featured_media":30672,"comment_status":"closed","ping_status":"closed","sticky":false,"template":"","format":"standard","meta":{"footnotes":""},"categories":[1],"tags":[1880,1115,8,6,117],"class_list":["post-30678","post","type-post","status-publish","format-standard","has-post-thumbnail","hentry","category-noticias","tag-mujeres-jefas-de-hogar","tag-noticias","tag-yungay","tag-yungayino","tag-yungayinocl"],"_links":{"self":[{"href":"https:\/\/www.yungayino.cl\/noticias\/index.php?rest_route=\/wp\/v2\/posts\/30678","targetHints":{"allow":["GET"]}}],"collection":[{"href":"https:\/\/www.yungayino.cl\/noticias\/index.php?rest_route=\/wp\/v2\/posts"}],"about":[{"href":"https:\/\/www.yungayino.cl\/noticias\/index.php?rest_route=\/wp\/v2\/types\/post"}],"author":[{"embeddable":true,"href":"https:\/\/www.yungayino.cl\/noticias\/index.php?rest_route=\/wp\/v2\/users\/2"}],"replies":[{"embeddable":true,"href":"https:\/\/www.yungayino.cl\/noticias\/index.php?rest_route=%2Fwp%2Fv2%2Fcomments&post=30678"}],"version-history":[{"count":1,"href":"https:\/\/www.yungayino.cl\/noticias\/index.php?rest_route=\/wp\/v2\/posts\/30678\/revisions"}],"predecessor-version":[{"id":30679,"href":"https:\/\/www.yungayino.cl\/noticias\/index.php?rest_route=\/wp\/v2\/posts\/30678\/revisions\/30679"}],"wp:featuredmedia":[{"embeddable":true,"href":"https:\/\/www.yungayino.cl\/noticias\/index.php?rest_route=\/wp\/v2\/media\/30672"}],"wp:attachment":[{"href":"https:\/\/www.yungayino.cl\/noticias\/index.php?rest_route=%2Fwp%2Fv2%2Fmedia&parent=30678"}],"wp:term":[{"taxonomy":"category","embeddable":true,"href":"https:\/\/www.yungayino.cl\/noticias\/index.php?rest_route=%2Fwp%2Fv2%2Fcategories&post=30678"},{"taxonomy":"post_tag","embeddable":true,"href":"https:\/\/www.yungayino.cl\/noticias\/index.php?rest_route=%2Fwp%2Fv2%2Ftags&post=30678"}],"curies":[{"name":"wp","href":"https:\/\/api.w.org\/{rel}","templated":true}]}}