{"id":30696,"date":"2024-05-08T08:00:42","date_gmt":"2024-05-08T11:00:42","guid":{"rendered":"https:\/\/www.yungayino.cl\/noticias\/?p=30696"},"modified":"2024-05-07T16:30:50","modified_gmt":"2024-05-07T19:30:50","slug":"cupos-disponibles-de-jardin-infantil-integra-en-yungay","status":"publish","type":"post","link":"https:\/\/www.yungayino.cl\/noticias\/?p=30696","title":{"rendered":"Cupos Disponibles De Jard\u00edn Infantil Integra En Yungay"},"content":{"rendered":"<p><img loading=\"lazy\" decoding=\"async\" class=\"alignnone wp-image-30698 size-full\" src=\"https:\/\/www.yungayino.cl\/noticias\/wp-content\/uploads\/2024\/05\/7-mayo-integra.jpg\" alt=\"\" width=\"700\" height=\"700\" srcset=\"https:\/\/www.yungayino.cl\/noticias\/wp-content\/uploads\/2024\/05\/7-mayo-integra.jpg 700w, https:\/\/www.yungayino.cl\/noticias\/wp-content\/uploads\/2024\/05\/7-mayo-integra-300x300.jpg 300w, https:\/\/www.yungayino.cl\/noticias\/wp-content\/uploads\/2024\/05\/7-mayo-integra-150x150.jpg 150w, https:\/\/www.yungayino.cl\/noticias\/wp-content\/uploads\/2024\/05\/7-mayo-integra-80x80.jpg 80w, https:\/\/www.yungayino.cl\/noticias\/wp-content\/uploads\/2024\/05\/7-mayo-integra-320x320.jpg 320w\" sizes=\"auto, (max-width: 700px) 100vw, 700px\" \/><\/p>\n<p style=\"text-align: justify;\">Yungay, mayo 2024: Si deseas que tu hijo\/a sea parte de los jardines infantiles y salas cuna de Integra, te contamos que en el jard\u00edn infantil RAYO DE LUNA, ubicado en la calle Tacna 244 y en el jard\u00edn infantil y sala Cuna VERDE AMANECER, ubicada en la calle \u00c1ngeles 495, a\u00fan hay cupo en algunos niveles.<\/p>\n<p style=\"text-align: justify;\">Puedes obtener m\u00e1s datos como su Proyecto Educativo Institucional en <a href=\"https:\/\/geobuscador.integra.cl\/\">https:\/\/geobuscador.integra.cl\/<\/a><\/p>\n<p style=\"text-align: justify;\">*Recuerda consultar en el jard\u00edn infantil *<\/p>\n","protected":false},"excerpt":{"rendered":"<p>Yungay, mayo 2024: Si deseas que tu hijo\/a sea parte de los jardines infantiles y salas cuna de Integra, te contamos que en el jard\u00edn infantil RAYO DE LUNA, ubicado en la calle Tacna&#46;&#46;&#46;<\/p>\n","protected":false},"author":2,"featured_media":30697,"comment_status":"closed","ping_status":"closed","sticky":false,"template":"","format":"standard","meta":{"footnotes":""},"categories":[1493,2571,1],"tags":[1607,1473,1115,8,6,117],"class_list":["post-30696","post","type-post","status-publish","format-standard","has-post-thumbnail","hentry","category-educacion","category-educacion-2","category-noticias","tag-integra","tag-jardin","tag-noticias","tag-yungay","tag-yungayino","tag-yungayinocl"],"_links":{"self":[{"href":"https:\/\/www.yungayino.cl\/noticias\/index.php?rest_route=\/wp\/v2\/posts\/30696","targetHints":{"allow":["GET"]}}],"collection":[{"href":"https:\/\/www.yungayino.cl\/noticias\/index.php?rest_route=\/wp\/v2\/posts"}],"about":[{"href":"https:\/\/www.yungayino.cl\/noticias\/index.php?rest_route=\/wp\/v2\/types\/post"}],"author":[{"embeddable":true,"href":"https:\/\/www.yungayino.cl\/noticias\/index.php?rest_route=\/wp\/v2\/users\/2"}],"replies":[{"embeddable":true,"href":"https:\/\/www.yungayino.cl\/noticias\/index.php?rest_route=%2Fwp%2Fv2%2Fcomments&post=30696"}],"version-history":[{"count":1,"href":"https:\/\/www.yungayino.cl\/noticias\/index.php?rest_route=\/wp\/v2\/posts\/30696\/revisions"}],"predecessor-version":[{"id":30699,"href":"https:\/\/www.yungayino.cl\/noticias\/index.php?rest_route=\/wp\/v2\/posts\/30696\/revisions\/30699"}],"wp:featuredmedia":[{"embeddable":true,"href":"https:\/\/www.yungayino.cl\/noticias\/index.php?rest_route=\/wp\/v2\/media\/30697"}],"wp:attachment":[{"href":"https:\/\/www.yungayino.cl\/noticias\/index.php?rest_route=%2Fwp%2Fv2%2Fmedia&parent=30696"}],"wp:term":[{"taxonomy":"category","embeddable":true,"href":"https:\/\/www.yungayino.cl\/noticias\/index.php?rest_route=%2Fwp%2Fv2%2Fcategories&post=30696"},{"taxonomy":"post_tag","embeddable":true,"href":"https:\/\/www.yungayino.cl\/noticias\/index.php?rest_route=%2Fwp%2Fv2%2Ftags&post=30696"}],"curies":[{"name":"wp","href":"https:\/\/api.w.org\/{rel}","templated":true}]}}